{"id":279542,"date":"2026-04-30T10:02:22","date_gmt":"2026-04-30T08:02:22","guid":{"rendered":"https:\/\/museros.org\/inici\/?p=279542"},"modified":"2026-04-30T10:02:22","modified_gmt":"2026-04-30T08:02:22","slug":"museros-convierte-la-lectura-en-un-punto-de-encuentro-para-sus-habitantes","status":"publish","type":"post","link":"https:\/\/museros.org\/inici\/es\/museros-convierte-la-lectura-en-un-punto-de-encuentro-para-sus-habitantes\/","title":{"rendered":"Museros convierte la lectura en un punto de encuentro para sus habitantes"},"content":{"rendered":"<p>Museros acaba de cerrar su Semana del Libro con una variada programaci\u00f3n dirigida a todos los p\u00fablicos, reforzando su apuesta por el fomento de la lectura y la dinamizaci\u00f3n cultural del municipio. Organizada por el Ayuntamiento a trav\u00e9s de la Concejal\u00eda de Cultura y Promoci\u00f3n Ling\u00fc\u00edstica, del 17 al 27 de abril la agenda de la agencia de lectura y la Casa de Cultura se ha llenado de historias, creatividad y momentos compartidos entre todo el vecindario.<\/p>\n<p>Desde los m\u00e1s peque\u00f1os, que se acercaron por primera vez a la agencia de lectura mediante visitas escolares o la bebeteca, hasta los adultos que descubrieron nuevas formas de disfrutar de la literatura, como el cuentacuentos para mayores. En total, se han desarrollado m\u00e1s de una decena de propuestas durante diez d\u00edas: cuentacuentos para distintas edades, jornadas de puertas abiertas, espect\u00e1culos familiares, club de lectura, concursos y el certamen Premi Sambori local, junto a otras iniciativas con continuidad m\u00e1s all\u00e1 de estas fechas.<\/p>\n<p>Coincidiendo con el D\u00eda del Libro, se ampli\u00f3 la red de \u201cLlibres viatgers\u201d, puntos de intercambio gratuito de obras literarias con cuentos, novelas y poemarios. El parque de Tierno Galv\u00e1n estren\u00f3 su propia caseta, que se suma a las ya instaladas en la estaci\u00f3n de metro, el centro de salud, la Llar dels Jubilats y la Casa de Cultura, facilitando el acceso a la lectura en distintos espacios del municipio.<\/p>\n<p>Adem\u00e1s, para animar a los usuarios a registrar sus lecturas, la agencia est\u00e1 repartiendo libretas de la red de bibliotecas de la L\u00ednea 3 de Metro, donde los lectores pueden anotar y valorar cada libro.<\/p>\n<p>La semana ha concluido reconociendo el compromiso con la lengua a trav\u00e9s de la campa\u00f1a \u201cEl premi \u00e9s llegir en valenci\u00e0\u201d, premiando a quienes leyeron al menos dos libros entre el 23 de marzo y el 17 de abril, siendo uno de ellos en valenciano. La entrega de premios tuvo lugar el 27 de abril.<\/p>\n<p>En palabras de Laura Brisa, esta semana pone de relieve que la promoci\u00f3n de la lectura va m\u00e1s all\u00e1 de incorporar nuevos t\u00edtulos \u2014como los cerca de 60 ejemplares a\u00f1adidos este mes a la biblioteca municipal\u2014 y pasa tambi\u00e9n por generar propuestas que acerquen los libros a la ciudadan\u00eda de forma activa: \u201cHemos trabajado en una programaci\u00f3n diversa, pensada para despertar el inter\u00e9s por la lectura y propiciar espacios de encuentro en torno a ella\u201d.<\/p>\n<p>Por su parte, la alcaldesa, Cristina Civera, ha subrayado el valor de las iniciativas de la Semana del Libro: \u201cLa lectura es una herramienta esencial para el desarrollo individual y colectivo de cualquier sociedad. Desde el Ayuntamiento seguiremos impulsando acciones que fomenten el acceso a la cultura y consoliden a Museros como un municipio comprometido con el conocimiento, la creatividad y nuestra identidad ling\u00fc\u00edstica\u201d.<\/p>\n<p>Tras esta edici\u00f3n, Museros cierra su Semana del Libro, pero mantiene vivo su compromiso con la lectura durante todo el a\u00f1o.<\/p>\n","protected":false},"excerpt":{"rendered":"<p>Museros acaba de cerrar su Semana del Libro con una variada programaci\u00f3n dirigida a todos los p\u00fablicos, reforzando su apuesta por el fomento de la lectura y la dinamizaci\u00f3n cultural del municipio. Organizada por el Ayuntamiento a trav\u00e9s de la Concejal\u00eda de Cultura y Promoci\u00f3n Ling\u00fc\u00edstica, del 17 al 27 de abril la agenda de [&hellip;]<\/p>\n","protected":false},"author":9,"featured_media":279537,"comment_status":"closed","ping_status":"closed","sticky":false,"template":"","format":"standard","meta":{"_et_pb_use_builder":"","_et_pb_old_content":"","_et_gb_content_width":"","footnotes":""},"categories":[1283],"tags":[],"wf_post_folders":[1285],"class_list":["post-279542","post","type-post","status-publish","format-standard","has-post-thumbnail","hentry","category-cultura"],"_links":{"self":[{"href":"https:\/\/museros.org\/inici\/wp-json\/wp\/v2\/posts\/279542","targetHints":{"allow":["GET"]}}],"collection":[{"href":"https:\/\/museros.org\/inici\/wp-json\/wp\/v2\/posts"}],"about":[{"href":"https:\/\/museros.org\/inici\/wp-json\/wp\/v2\/types\/post"}],"author":[{"embeddable":true,"href":"https:\/\/museros.org\/inici\/wp-json\/wp\/v2\/users\/9"}],"replies":[{"embeddable":true,"href":"https:\/\/museros.org\/inici\/wp-json\/wp\/v2\/comments?post=279542"}],"version-history":[{"count":1,"href":"https:\/\/museros.org\/inici\/wp-json\/wp\/v2\/posts\/279542\/revisions"}],"predecessor-version":[{"id":279543,"href":"https:\/\/museros.org\/inici\/wp-json\/wp\/v2\/posts\/279542\/revisions\/279543"}],"wp:featuredmedia":[{"embeddable":true,"href":"https:\/\/museros.org\/inici\/wp-json\/wp\/v2\/media\/279537"}],"wp:attachment":[{"href":"https:\/\/museros.org\/inici\/wp-json\/wp\/v2\/media?parent=279542"}],"wp:term":[{"taxonomy":"category","embeddable":true,"href":"https:\/\/museros.org\/inici\/wp-json\/wp\/v2\/categories?post=279542"},{"taxonomy":"post_tag","embeddable":true,"href":"https:\/\/museros.org\/inici\/wp-json\/wp\/v2\/tags?post=279542"},{"taxonomy":"wf_post_folders","embeddable":true,"href":"https:\/\/museros.org\/inici\/wp-json\/wp\/v2\/wf_post_folders?post=279542"}],"curies":[{"name":"wp","href":"https:\/\/api.w.org\/{rel}","templated":true}]}}