{"id":279540,"date":"2026-04-28T12:00:26","date_gmt":"2026-04-28T10:00:26","guid":{"rendered":"https:\/\/museros.org\/inici\/?p=279540"},"modified":"2026-04-30T10:02:38","modified_gmt":"2026-04-30T08:02:38","slug":"museros-converteix-la-lectura-en-un-punt-de-trobada-per-al-veinat-de-totes-les-edats","status":"publish","type":"post","link":"https:\/\/museros.org\/inici\/museros-converteix-la-lectura-en-un-punt-de-trobada-per-al-veinat-de-totes-les-edats\/","title":{"rendered":"Museros converteix la lectura en un punt de trobada per al ve\u00efnat de totes les edats"},"content":{"rendered":"<p>Museros acaba de tancar la seua Setmana del Llibre amb una variada programaci\u00f3 dirigida a tots els p\u00fablics, refor\u00e7ant l\u2019aposta pel foment de la lectura i la dinamitzaci\u00f3 cultural del municipi. Organitzada per l&#8217;Ajuntament a trav\u00e9s de la Regidoria de Cultura i Promoci\u00f3 Ling\u00fc\u00edstica, del 17 al 27 d&#8217;abril, l&#8217;agenda de l&#8217;ag\u00e8ncia de lectura i de la Casa de Cultura s&#8217;ha omplit d&#8217;hist\u00f2ries, creativitat i moments compartits entre tot el ve\u00efnat.<\/p>\n<p>Des dels m\u00e9s xicotets, que es van acostar per primera vegada a l&#8217;ag\u00e8ncia de lectura mitjan\u00e7ant visites escolars o la bebeteca, fins als adults que van descobrir noves maneres de gaudir de la literatura, com amb el contacontes per a majors. En total, s&#8217;han desenvolupat m\u00e9s d&#8217;una desena de propostes durant deu dies: contacontes per a diferents edats, jornades de portes obertes, espectacles familiars, club de lectura, concursos i el certamen Premi Sambori local, juntament amb altres iniciatives amb continu\u00eftat m\u00e9s enll\u00e0 d&#8217;aquestes dates.<\/p>\n<p>Coincidint amb el Dia del Llibre, es va ampliar la xarxa de \u201cLlibres viatgers\u201d, punts d&#8217;intercanvi gratu\u00eft d&#8217;obres liter\u00e0ries amb contes, novel\u00b7les i poemaris. El parc de Tierno Galv\u00e1n va estrenar la seua pr\u00f2pia caseta, que se suma a les ja instal\u00b7lades a l&#8217;estaci\u00f3 de metro, el centre de salut, la Llar dels Jubilats i la Casa de Cultura, facilitant l&#8217;acc\u00e9s a la lectura en diferents espais del municipi.<\/p>\n<p>A m\u00e9s, per a animar els usuaris a registrar les seues lectures, l&#8217;ag\u00e8ncia est\u00e0 repartint llibretes de la xarxa de biblioteques de la L\u00ednia 3 del Metro, on els lectors poden anotar i valorar cada llibre.<\/p>\n<p>La setmana ha concl\u00f2s reconeixent el comprom\u00eds amb la llengua a trav\u00e9s de la campanya \u201cEl premi \u00e9s llegir en valenci\u00e0\u201d, premiant els qui van llegir almenys dos llibres entre el 23 de mar\u00e7 i el 17 d&#8217;abril, un d&#8217;ells en valenci\u00e0. El lliurament dels guardons va tindre lloc el 27 d&#8217;abril.<\/p>\n<p>En paraules de Laura Brisa, aquesta setmana posa en relleu que la promoci\u00f3 de la lectura va m\u00e9s enll\u00e0 d&#8217;incorporar nous t\u00edtols \u2014com els prop de 60 exemplars afegits aquest mes a la biblioteca municipal\u2014 i passa tamb\u00e9 per generar propostes que acosten els llibres a la ciutadania de manera activa: \u201cHem treballat en una programaci\u00f3 diversa, pensada per a despertar l&#8217;inter\u00e9s per la lectura i propiciar espais de trobada entorn d&#8217;aquesta\u201d.<\/p>\n<p>Per part seua, l&#8217;alcaldessa, Cristina Civera, ha subratllat el valor de les iniciatives de la Setmana del Llibre: \u201cLa lectura \u00e9s una eina essencial per al desenvolupament individual i col\u00b7lectiu de qualsevol societat. Des de l&#8217;Ajuntament continuarem impulsant accions que fomenten l&#8217;acc\u00e9s a la cultura i consoliden Museros com un municipi comprom\u00e9s amb el coneixement, la creativitat i la nostra identitat ling\u00fc\u00edstica\u201d.<\/p>\n<p>Despr\u00e9s d&#8217;aquesta edici\u00f3, Museros tanca la seua Setmana del Llibre, per\u00f2 mant\u00e9 viu el comprom\u00eds amb la lectura durant tot l&#8217;any.<\/p>\n","protected":false},"excerpt":{"rendered":"<p>Museros acaba de tancar la seua Setmana del Llibre amb una variada programaci\u00f3 dirigida a tots els p\u00fablics, refor\u00e7ant l\u2019aposta pel foment de la lectura i la dinamitzaci\u00f3 cultural del municipi. Organitzada per l&#8217;Ajuntament a trav\u00e9s de la Regidoria de Cultura i Promoci\u00f3 Ling\u00fc\u00edstica, del 17 al 27 d&#8217;abril, l&#8217;agenda de l&#8217;ag\u00e8ncia de lectura i [&hellip;]<\/p>\n","protected":false},"author":9,"featured_media":279537,"comment_status":"closed","ping_status":"closed","sticky":false,"template":"","format":"standard","meta":{"_et_pb_use_builder":"","_et_pb_old_content":"","_et_gb_content_width":"","footnotes":""},"categories":[1262],"tags":[],"wf_post_folders":[1285],"class_list":["post-279540","post","type-post","status-publish","format-standard","has-post-thumbnail","hentry","category-cultura-va"],"_links":{"self":[{"href":"https:\/\/museros.org\/inici\/wp-json\/wp\/v2\/posts\/279540","targetHints":{"allow":["GET"]}}],"collection":[{"href":"https:\/\/museros.org\/inici\/wp-json\/wp\/v2\/posts"}],"about":[{"href":"https:\/\/museros.org\/inici\/wp-json\/wp\/v2\/types\/post"}],"author":[{"embeddable":true,"href":"https:\/\/museros.org\/inici\/wp-json\/wp\/v2\/users\/9"}],"replies":[{"embeddable":true,"href":"https:\/\/museros.org\/inici\/wp-json\/wp\/v2\/comments?post=279540"}],"version-history":[{"count":1,"href":"https:\/\/museros.org\/inici\/wp-json\/wp\/v2\/posts\/279540\/revisions"}],"predecessor-version":[{"id":279541,"href":"https:\/\/museros.org\/inici\/wp-json\/wp\/v2\/posts\/279540\/revisions\/279541"}],"wp:featuredmedia":[{"embeddable":true,"href":"https:\/\/museros.org\/inici\/wp-json\/wp\/v2\/media\/279537"}],"wp:attachment":[{"href":"https:\/\/museros.org\/inici\/wp-json\/wp\/v2\/media?parent=279540"}],"wp:term":[{"taxonomy":"category","embeddable":true,"href":"https:\/\/museros.org\/inici\/wp-json\/wp\/v2\/categories?post=279540"},{"taxonomy":"post_tag","embeddable":true,"href":"https:\/\/museros.org\/inici\/wp-json\/wp\/v2\/tags?post=279540"},{"taxonomy":"wf_post_folders","embeddable":true,"href":"https:\/\/museros.org\/inici\/wp-json\/wp\/v2\/wf_post_folders?post=279540"}],"curies":[{"name":"wp","href":"https:\/\/api.w.org\/{rel}","templated":true}]}}