{"id":279129,"date":"2026-03-11T16:15:41","date_gmt":"2026-03-11T14:15:41","guid":{"rendered":"https:\/\/museros.org\/inici\/?p=279129"},"modified":"2026-03-11T16:15:41","modified_gmt":"2026-03-11T14:15:41","slug":"museros-crea-dos-nuevas-aulas-sensoriales-para-el-alumnado-de-infantil-del-ceip-vicente-blasco-ibanez","status":"publish","type":"post","link":"https:\/\/museros.org\/inici\/es\/museros-crea-dos-nuevas-aulas-sensoriales-para-el-alumnado-de-infantil-del-ceip-vicente-blasco-ibanez\/","title":{"rendered":"Museros crea dos nuevas aulas sensoriales para el alumnado de Infantil del CEIP Vicente Blasco Ib\u00e1\u00f1ez"},"content":{"rendered":"<p>El Ayuntamiento de Museros, a trav\u00e9s de la Concejal\u00eda de Educaci\u00f3n, ha financiado con una subvenci\u00f3n de m\u00e1s de 6.000 euros la puesta en marcha de dos nuevas aulas de ambiente para la etapa de Educaci\u00f3n Infantil del CEIP Vicente Blasco Ib\u00e1\u00f1ez, que han sido inauguradas con una visita institucional al centro.<\/p>\n<p>Se trata de un aula de ambiente sensorial y otra de ambiente Lego, dos espacios dise\u00f1ados para fomentar el aprendizaje activo a trav\u00e9s de la manipulaci\u00f3n, la experimentaci\u00f3n y el juego. Estas nuevas instalaciones se suman a los ambientes educativos con que ya cuenta el centro y permiten ampliar los espacios de aprendizaje vivencial del alumnado m\u00e1s peque\u00f1o.<\/p>\n<p>La alcaldesa de Museros, Cristina Civera, y el concejal de Educaci\u00f3n, Agust\u00edn Muedra, visitaron las nuevas instalaciones acompa\u00f1ados por el director del centro, Julio Jim\u00e9nez, y por la jefa de estudios, Paloma Fern\u00e1ndez. El 27 de febrero el alumnado de Infantil pudo disfrutar por primera vez de estos espacios, pensados para estimular la creatividad, la autonom\u00eda, la cooperaci\u00f3n y el desarrollo sensorial.<\/p>\n<p>La alcaldesa, Cristina Civera, ha destacado \u201cla apuesta del Ayuntamiento por una educaci\u00f3n p\u00fablica de calidad, innovadora y adaptada a las necesidades del alumnado\u201d, y ha remarcado la importancia de \u201ccontinuar trabajando con los centros educativos para crear entornos de aprendizaje m\u00e1s estimulantes e inclusivos\u201d.<\/p>\n<p>Por su parte, el concejal de Educaci\u00f3n, Agust\u00edn Muedra, ha se\u00f1alado que esta inversi\u00f3n \u201cpermite ampliar los espacios educativos del centro y reforzar una metodolog\u00eda que sit\u00faa el alumnado en el centro del proceso de aprendizaje\u201d.<\/p>\n<p>El CEIP Vicente Blasco Ib\u00e1\u00f1ez trabaja con varios ambientes educativos, como por ejemplo el ambiente matem\u00e1tico, el de psicomotricidad fina, Naturcrea, dramatizaci\u00f3n o arte, entre otras. Con las nuevas aulas sensoriales y Lego, el centro refuerza este modelo pedag\u00f3gico y se consolida como uno de los centros pioneros de la comarca en la creaci\u00f3n de espacios de aprendizaje espec\u00edficos, amplios y tan bien equipados.<\/p>\n<p>El director del centro, Julio Jim\u00e9nez, ha explicado que \u201cestos espacios permiten que el alumnado aprenda de una manera m\u00e1s significativa, explorando y cooperando con los compa\u00f1eros en entornos adaptados a sus necesidades\u201d.<\/p>\n<p>El CEIP es tambi\u00e9n un \u2018centro TOTedu\u2019, un reconocimiento que valora sus buenas pr\u00e1cticas educativas y la difusi\u00f3n de experiencias innovadoras con otros docentes y centros. Adem\u00e1s, apuesta por la metodolog\u00eda STEAM con recursos como una aula transformadora, una radio escolar y una aula de rob\u00f3tica, un programa que este a\u00f1o se ha empezado a introducir tambi\u00e9n en la etapa de Educaci\u00f3n Infantil.<\/p>\n<p>Con iniciativas como esta, el Ayuntamiento de Museros reafirma su compromiso con el apoyo a los centros educativos del municipio y con la mejora continua de la educaci\u00f3n p\u00fablica.<\/p>\n","protected":false},"excerpt":{"rendered":"<p>El Ayuntamiento de Museros, a trav\u00e9s de la Concejal\u00eda de Educaci\u00f3n, ha financiado con una subvenci\u00f3n de m\u00e1s de 6.000 euros la puesta en marcha de dos nuevas aulas de ambiente para la etapa de Educaci\u00f3n Infantil del CEIP Vicente Blasco Ib\u00e1\u00f1ez, que han sido inauguradas con una visita institucional al centro. Se trata de [&hellip;]<\/p>\n","protected":false},"author":9,"featured_media":279124,"comment_status":"closed","ping_status":"closed","sticky":false,"template":"","format":"standard","meta":{"_et_pb_use_builder":"","_et_pb_old_content":"","_et_gb_content_width":"","footnotes":""},"categories":[1950],"tags":[],"wf_post_folders":[1849],"class_list":["post-279129","post","type-post","status-publish","format-standard","has-post-thumbnail","hentry","category-educacion"],"_links":{"self":[{"href":"https:\/\/museros.org\/inici\/wp-json\/wp\/v2\/posts\/279129","targetHints":{"allow":["GET"]}}],"collection":[{"href":"https:\/\/museros.org\/inici\/wp-json\/wp\/v2\/posts"}],"about":[{"href":"https:\/\/museros.org\/inici\/wp-json\/wp\/v2\/types\/post"}],"author":[{"embeddable":true,"href":"https:\/\/museros.org\/inici\/wp-json\/wp\/v2\/users\/9"}],"replies":[{"embeddable":true,"href":"https:\/\/museros.org\/inici\/wp-json\/wp\/v2\/comments?post=279129"}],"version-history":[{"count":2,"href":"https:\/\/museros.org\/inici\/wp-json\/wp\/v2\/posts\/279129\/revisions"}],"predecessor-version":[{"id":279131,"href":"https:\/\/museros.org\/inici\/wp-json\/wp\/v2\/posts\/279129\/revisions\/279131"}],"wp:featuredmedia":[{"embeddable":true,"href":"https:\/\/museros.org\/inici\/wp-json\/wp\/v2\/media\/279124"}],"wp:attachment":[{"href":"https:\/\/museros.org\/inici\/wp-json\/wp\/v2\/media?parent=279129"}],"wp:term":[{"taxonomy":"category","embeddable":true,"href":"https:\/\/museros.org\/inici\/wp-json\/wp\/v2\/categories?post=279129"},{"taxonomy":"post_tag","embeddable":true,"href":"https:\/\/museros.org\/inici\/wp-json\/wp\/v2\/tags?post=279129"},{"taxonomy":"wf_post_folders","embeddable":true,"href":"https:\/\/museros.org\/inici\/wp-json\/wp\/v2\/wf_post_folders?post=279129"}],"curies":[{"name":"wp","href":"https:\/\/api.w.org\/{rel}","templated":true}]}}