{"id":279127,"date":"2026-03-11T16:12:43","date_gmt":"2026-03-11T14:12:43","guid":{"rendered":"https:\/\/museros.org\/inici\/?p=279127"},"modified":"2026-03-11T16:12:50","modified_gmt":"2026-03-11T14:12:50","slug":"museros-crea-dues-noves-aules-sensorials-per-a-lalumnat-dinfantil-del-ceip-vicente-blasco-ibanez","status":"publish","type":"post","link":"https:\/\/museros.org\/inici\/museros-crea-dues-noves-aules-sensorials-per-a-lalumnat-dinfantil-del-ceip-vicente-blasco-ibanez\/","title":{"rendered":"Museros crea dues noves aules sensorials per a l\u2019alumnat d\u2019Infantil del CEIP Vicente Blasco Ib\u00e1\u00f1ez"},"content":{"rendered":"<p>L\u2019Ajuntament de Museros, a trav\u00e9s de la Regidoria d\u2019Educaci\u00f3, ha finan\u00e7at amb una subvenci\u00f3 de m\u00e9s de 6.000 euros la posada en marxa de dues noves aules d\u2019ambient per a l\u2019etapa d\u2019Educaci\u00f3 Infantil del CEIP Vicente Blasco Ib\u00e1\u00f1ez, que han sigut inaugurades amb una visita institucional al centre.<\/p>\n<p>Es tracta d\u2019una aula d\u2019ambient sensorial i una altra d\u2019ambient Lego, dos espais dissenyats per a fomentar l\u2019aprenentatge actiu a trav\u00e9s de la manipulaci\u00f3, l\u2019experimentaci\u00f3 i el joc. Estes noves instal\u00b7lacions se sumen als ambients educatius amb qu\u00e8 ja compta el centre i permeten ampliar els espais d\u2019aprenentatge vivencial de l\u2019alumnat m\u00e9s menut.<\/p>\n<p>L\u2019alcaldessa de Museros, Cristina Civera, i el regidor d\u2019Educaci\u00f3, Agust\u00edn Muedra, van visitar les noves instal\u00b7lacions acompanyats pel director del centre, Julio Jim\u00e9nez, i per la cap d\u2019estudis, Paloma Fern\u00e1ndez. El 27 de febrer l\u2019alumnat d\u2019Infantil va poder gaudir per primera vegada d\u2019estos espais, pensats per a estimular la creativitat, l\u2019autonomia, la cooperaci\u00f3 i el desenvolupament sensorial.<\/p>\n<p>L\u2019alcaldessa, Cristina Civera, ha destacat \u201cl\u2019aposta de l\u2019Ajuntament per una educaci\u00f3 p\u00fablica de qualitat, innovadora i adaptada a les necessitats de l\u2019alumnat\u201d, i ha remarcat la import\u00e0ncia de \u201ccontinuar treballant amb els centres educatius per a crear entorns d\u2019aprenentatge m\u00e9s estimulants i inclusius\u201d.<\/p>\n<p>Per la seua part, el regidor d\u2019Educaci\u00f3, Agust\u00edn Muedra, ha assenyalat que esta inversi\u00f3 \u201cpermet ampliar els espais educatius del centre i refor\u00e7ar una metodologia que situa l\u2019alumnat en el centre del proc\u00e9s d\u2019aprenentatge\u201d.<\/p>\n<p>El CEIP Vicente Blasco Ib\u00e1\u00f1ez treballa amb diversos ambients educatius, com ara l\u2019ambient matem\u00e0tic, el de psicomotricitat fina, Naturcrea, dramatitzaci\u00f3 o art, entre altres. Amb les noves aules sensorials i Lego, el centre refor\u00e7a este model pedag\u00f2gic i es consolida com un dels centres pioners de la comarca en la creaci\u00f3 d\u2019espais d\u2019aprenentatge espec\u00edfics, amplis i tan ben equipats.<\/p>\n<p>El director del centre, Julio Jim\u00e9nez, ha explicat que \u201cestos espais permeten que l\u2019alumnat aprenga d\u2019una manera m\u00e9s significativa, explorant i cooperant amb els companys en entorns adaptats a les seues necessitats\u201d.<\/p>\n<p>El CEIP \u00e9s tamb\u00e9 un \u2018centre TOTedu\u2019, un reconeixement que valora les seues bones pr\u00e0ctiques educatives i la difusi\u00f3 d\u2019experi\u00e8ncies innovadores amb altres docents i centres. A m\u00e9s, aposta per la metodologia STEAM amb recursos com una aula transformadora, una r\u00e0dio escolar i una aula de rob\u00f2tica, un programa que enguany s\u2019ha comen\u00e7at a introduir tamb\u00e9 en l\u2019etapa d\u2019Educaci\u00f3 Infantil.<\/p>\n<p>Amb iniciatives com esta, l\u2019Ajuntament de Museros reafirma el seu comprom\u00eds amb el suport als centres educatius del municipi i amb la millora cont\u00ednua de l\u2019educaci\u00f3 p\u00fablica.<\/p>\n","protected":false},"excerpt":{"rendered":"<p>L\u2019Ajuntament de Museros, a trav\u00e9s de la Regidoria d\u2019Educaci\u00f3, ha finan\u00e7at amb una subvenci\u00f3 de m\u00e9s de 6.000 euros la posada en marxa de dues noves aules d\u2019ambient per a l\u2019etapa d\u2019Educaci\u00f3 Infantil del CEIP Vicente Blasco Ib\u00e1\u00f1ez, que han sigut inaugurades amb una visita institucional al centre. Es tracta d\u2019una aula d\u2019ambient sensorial i [&hellip;]<\/p>\n","protected":false},"author":9,"featured_media":279124,"comment_status":"closed","ping_status":"closed","sticky":false,"template":"","format":"standard","meta":{"_et_pb_use_builder":"","_et_pb_old_content":"","_et_gb_content_width":"","footnotes":""},"categories":[1850],"tags":[],"wf_post_folders":[1849],"class_list":["post-279127","post","type-post","status-publish","format-standard","has-post-thumbnail","hentry","category-educacio"],"_links":{"self":[{"href":"https:\/\/museros.org\/inici\/wp-json\/wp\/v2\/posts\/279127","targetHints":{"allow":["GET"]}}],"collection":[{"href":"https:\/\/museros.org\/inici\/wp-json\/wp\/v2\/posts"}],"about":[{"href":"https:\/\/museros.org\/inici\/wp-json\/wp\/v2\/types\/post"}],"author":[{"embeddable":true,"href":"https:\/\/museros.org\/inici\/wp-json\/wp\/v2\/users\/9"}],"replies":[{"embeddable":true,"href":"https:\/\/museros.org\/inici\/wp-json\/wp\/v2\/comments?post=279127"}],"version-history":[{"count":1,"href":"https:\/\/museros.org\/inici\/wp-json\/wp\/v2\/posts\/279127\/revisions"}],"predecessor-version":[{"id":279128,"href":"https:\/\/museros.org\/inici\/wp-json\/wp\/v2\/posts\/279127\/revisions\/279128"}],"wp:featuredmedia":[{"embeddable":true,"href":"https:\/\/museros.org\/inici\/wp-json\/wp\/v2\/media\/279124"}],"wp:attachment":[{"href":"https:\/\/museros.org\/inici\/wp-json\/wp\/v2\/media?parent=279127"}],"wp:term":[{"taxonomy":"category","embeddable":true,"href":"https:\/\/museros.org\/inici\/wp-json\/wp\/v2\/categories?post=279127"},{"taxonomy":"post_tag","embeddable":true,"href":"https:\/\/museros.org\/inici\/wp-json\/wp\/v2\/tags?post=279127"},{"taxonomy":"wf_post_folders","embeddable":true,"href":"https:\/\/museros.org\/inici\/wp-json\/wp\/v2\/wf_post_folders?post=279127"}],"curies":[{"name":"wp","href":"https:\/\/api.w.org\/{rel}","templated":true}]}}