{"id":279072,"date":"2026-03-09T15:16:38","date_gmt":"2026-03-09T13:16:38","guid":{"rendered":"https:\/\/museros.org\/inici\/?p=279072"},"modified":"2026-03-09T16:49:33","modified_gmt":"2026-03-09T14:49:33","slug":"museros-ja-te-nou-pla-municipal-digualtat-per-als-proxims-quatre-anys","status":"publish","type":"post","link":"https:\/\/museros.org\/inici\/museros-ja-te-nou-pla-municipal-digualtat-per-als-proxims-quatre-anys\/","title":{"rendered":"Museros ja t\u00e9 un nou Pla Municipal d\u2019Igualtat per als pr\u00f2xims quatre anys"},"content":{"rendered":"<p>L\u2019Ajuntament de Museros ja disposa del seu II Pla Municipal d\u2019Igualtat, el document marcar\u00e0 les pol\u00edtiques p\u00fabliques municipals en aquest \u00e0mbit durant els pr\u00f2xims quatre anys, de 2026 a 2029. El pla estableix les l\u00ednies estrat\u00e8giques i les accions que es desenvoluparan fins a 2029 amb l\u2019objectiu de continuar avan\u00e7ant cap a una societat m\u00e9s justa, inclusiva i lliure de discriminacions.<\/p>\n<p>L\u2019alcaldessa de Museros, Cristina Civera, ha destacat que aquest nou document \u201csuposa consolidar el cam\u00ed iniciat en els \u00faltims anys i refor\u00e7ar el comprom\u00eds municipal amb la igualtat real entre dones i homes\u201d. En aquest sentit, ha assenyalat que \u201cl\u2019experi\u00e8ncia del primer pla ens ha perm\u00e9s aprendre, identificar nous reptes i continuar avan\u00e7ant cap a un model de municipi m\u00e9s just, m\u00e9s divers i m\u00e9s conscient de les desigualtats que encara persisteixen\u201d.<\/p>\n<p>El nou pla naix amb la voluntat d\u2019aprofundir en les pol\u00edtiques d\u2019igualtat des d\u2019una perspectiva transversal, implicant diferents \u00e0rees municipals i refor\u00e7ant la participaci\u00f3 de la ciutadania. \u201cLa igualtat de g\u00e8nere \u00e9s un dret universal que hem de continuar protegint i refor\u00e7ant des de les institucions p\u00fabliques, perqu\u00e8 encara hi ha bretxes i situacions de discriminaci\u00f3 que cal combatre\u201d, ha afegit Civera.<\/p>\n<p>Per la seua part, la regidora de Pol\u00edtiques d\u2019Igualtat de G\u00e8nere, Pol\u00edtiques Inclusives, Joventut i Inf\u00e0ncia, Irene Guedes, ha subratllat que el II Pla Municipal d\u2019Igualtat \u00e9s \u201cfruit del treball fet durant els \u00faltims anys, de l\u2019experi\u00e8ncia acumulada i de l\u2019escolta a la ciutadania i als agents socials del municipi\u201d. Segons ha explicat, el document pret\u00e9n donar resposta a noves realitats i refor\u00e7ar les pol\u00edtiques p\u00fabliques que promouen una conviv\u00e8ncia basada en el respecte i la dignitat.<\/p>\n<p>\u201cLa igualtat no \u00e9s nom\u00e9s una paraula bonica, \u00e9s una decisi\u00f3 pol\u00edtica i una responsabilitat col\u00b7lectiva\u201d, ha afirmat Guedes, qui ha remarcat que aquest pla \u201c\u00e9s una eina per a continuar avan\u00e7ant amb pol\u00edtiques valentes que garantisquen oportunitats reals, combaten la viol\u00e8ncia masclista i promoguen un municipi segur i respectu\u00f3s per a totes les persones\u201d.<\/p>\n<p>El II Pla Municipal d\u2019Igualtat inclou 80 mesures organitzades en cinc grans \u00e0rees d\u2019actuaci\u00f3: treball i conciliaci\u00f3, educaci\u00f3 i joventut, cultura i participaci\u00f3, salut i benestar, i prevenci\u00f3 de les viol\u00e8ncies masclistes. Aquestes accions es desplegaran progressivament entre 2026 i 2029 amb l\u2019objectiu d\u2019afrontar desigualtats encara presents en \u00e0mbits com la corresponsabilitat en les cures, la participaci\u00f3 laboral o la seguretat en l\u2019espai p\u00fablic.<\/p>\n<p>El pla s\u2019ha elaborat a partir d\u2019un diagn\u00f2stic que combina an\u00e0lisi estad\u00edstica, enquestes a la ciutadania i entrevistes amb agents socials i educatius del municipi, amb l\u2019objectiu d\u2019identificar les principals necessitats i definir accions adaptades a la realitat local.<\/p>\n<p>El document va ser aprovat en l\u2019\u00faltima sessi\u00f3 plen\u00e0ria de l\u2019Ajuntament de Museros amb el suport un\u00e0nime de tots els grups municipals.<\/p>\n<p>Amb aquest pas, el consistori reafirma el seu comprom\u00eds amb la construcci\u00f3 d\u2019un municipi m\u00e9s igualitari, i promou una conviv\u00e8ncia basada en el respecte, la just\u00edcia i la igualtat efectiva entre totes les persones.<\/p>\n<p><a href=\"https:\/\/museros.org\/wp-content\/uploads\/2026\/03\/20260213_ii-plaigualtatmuseros-26.pdf\" target=\"_blank\" rel=\"noopener\">II Pla Municipal d&#8217;Igualtat 2026-2029 &gt;pdf<\/a><\/p>\n","protected":false},"excerpt":{"rendered":"<p>L\u2019Ajuntament de Museros ja disposa del seu II Pla Municipal d\u2019Igualtat, el document marcar\u00e0 les pol\u00edtiques p\u00fabliques municipals en aquest \u00e0mbit durant els pr\u00f2xims quatre anys, de 2026 a 2029. El pla estableix les l\u00ednies estrat\u00e8giques i les accions que es desenvoluparan fins a 2029 amb l\u2019objectiu de continuar avan\u00e7ant cap a una societat m\u00e9s [&hellip;]<\/p>\n","protected":false},"author":9,"featured_media":279069,"comment_status":"closed","ping_status":"closed","sticky":false,"template":"","format":"standard","meta":{"_et_pb_use_builder":"","_et_pb_old_content":"","_et_gb_content_width":"","footnotes":""},"categories":[1103],"tags":[],"wf_post_folders":[266],"class_list":["post-279072","post","type-post","status-publish","format-standard","has-post-thumbnail","hentry","category-igualtat-de-genere"],"_links":{"self":[{"href":"https:\/\/museros.org\/inici\/wp-json\/wp\/v2\/posts\/279072","targetHints":{"allow":["GET"]}}],"collection":[{"href":"https:\/\/museros.org\/inici\/wp-json\/wp\/v2\/posts"}],"about":[{"href":"https:\/\/museros.org\/inici\/wp-json\/wp\/v2\/types\/post"}],"author":[{"embeddable":true,"href":"https:\/\/museros.org\/inici\/wp-json\/wp\/v2\/users\/9"}],"replies":[{"embeddable":true,"href":"https:\/\/museros.org\/inici\/wp-json\/wp\/v2\/comments?post=279072"}],"version-history":[{"count":2,"href":"https:\/\/museros.org\/inici\/wp-json\/wp\/v2\/posts\/279072\/revisions"}],"predecessor-version":[{"id":279083,"href":"https:\/\/museros.org\/inici\/wp-json\/wp\/v2\/posts\/279072\/revisions\/279083"}],"wp:featuredmedia":[{"embeddable":true,"href":"https:\/\/museros.org\/inici\/wp-json\/wp\/v2\/media\/279069"}],"wp:attachment":[{"href":"https:\/\/museros.org\/inici\/wp-json\/wp\/v2\/media?parent=279072"}],"wp:term":[{"taxonomy":"category","embeddable":true,"href":"https:\/\/museros.org\/inici\/wp-json\/wp\/v2\/categories?post=279072"},{"taxonomy":"post_tag","embeddable":true,"href":"https:\/\/museros.org\/inici\/wp-json\/wp\/v2\/tags?post=279072"},{"taxonomy":"wf_post_folders","embeddable":true,"href":"https:\/\/museros.org\/inici\/wp-json\/wp\/v2\/wf_post_folders?post=279072"}],"curies":[{"name":"wp","href":"https:\/\/api.w.org\/{rel}","templated":true}]}}