{"id":278827,"date":"2026-02-27T15:35:54","date_gmt":"2026-02-27T13:35:54","guid":{"rendered":"https:\/\/museros.org\/inici\/?p=278827"},"modified":"2026-02-27T15:56:54","modified_gmt":"2026-02-27T13:56:54","slug":"el-ayuntamiento-de-museros-aprueba-el-presupuesto-municipal-de-2026-con-un-enfoque-social-de-equilibro-y-aumento-de-la-inversion","status":"publish","type":"post","link":"https:\/\/museros.org\/inici\/es\/el-ayuntamiento-de-museros-aprueba-el-presupuesto-municipal-de-2026-con-un-enfoque-social-de-equilibro-y-aumento-de-la-inversion\/","title":{"rendered":"El Ayuntamiento de Museros aprueba el presupuesto municipal de 2026 con un enfoque social, de equilibro y aumento de la inversi\u00f3n"},"content":{"rendered":"<p>El Ayuntamiento de Museros ha aprobado por mayor\u00eda en el pleno celebrado ayer, 26 de febrero, el presupuesto municipal para el ejercicio 2026, que asciende a 7.840.715,79 euros. Las cuentas han salido adelante con los votos a favor del PSPV y de EU-Unides Podem, la abstenci\u00f3n de Comprom\u00eds, y el voto en contra de los concejales del PP. El presupuesto, equilibrado en ingresos y gastos, consolida una l\u00ednea de gesti\u00f3n que combina rigor econ\u00f3mico con una clara vocaci\u00f3n social e inversora.<\/p>\n<p>Durante la presentaci\u00f3n, Cristina Civera, alcaldesa de Museros, destac\u00f3 que \u201cno es \u00fanicamente una previsi\u00f3n contable de ingresos y gastos; son una declaraci\u00f3n pol\u00edtica de principios y el reflejo de un proyecto de municipio que apuesta con claridad por la mejora de los servicios p\u00fablicos, la modernizaci\u00f3n de nuestras infraestructuras y el bienestar de toda la ciudadan\u00eda\u201d.<\/p>\n<p>Uno de los ejes fundamentales de las cuentas para 2026 es el impulso a las inversiones reales, que superan el mill\u00f3n y medio de euros. Estas actuaciones, financiadas en gran parte a trav\u00e9s del Pla Obert d\u2019Inversions de la Diputaci\u00f3 de Val\u00e8ncia, otras l\u00edneas de subvenci\u00f3n y el futuro remanente de tesorer\u00eda, permitir\u00e1n modernizar espacios p\u00fablicos, mejorar instalaciones municipales y avanzar hacia un municipio m\u00e1s accesible, eficiente y preparado para el futuro. Entre las actuaciones que se llevar\u00e1n a cabo, destaca la remodelaci\u00f3n de la avenida de la Creu, la segunda fase de la remodelaci\u00f3n de la plaza del Poeta Llorente hasta la esquina de la calle de la Costura, la adecuaci\u00f3n del Hogar de los Jubilados, la eliminaci\u00f3n de barreras arquitect\u00f3nicas, y la adecuaci\u00f3n de la partida del Barranquet (Pinosol), entre otras mejoras. En paralelo, el \u00e1rea de protecci\u00f3n y promoci\u00f3n social experimenta un crecimiento del 7,24%, reforzando programas destinados a familias, personas mayores, infancia y colectivos vulnerables. \u201cEstos presupuestos reafirman que nadie debe quedarse atr\u00e1s. El bienestar no puede ser un discurso, debe traducirse en recursos concretos, en atenci\u00f3n directa y en capacidad de respuesta ante situaciones imprevistas\u201d, afirm\u00f3 la alcaldesa.<\/p>\n<p>El cap\u00edtulo de personal tambi\u00e9n registra un incremento, entre otras cuestiones, derivado de la segunda fase de aplicaci\u00f3n de la Relaci\u00f3n de Puestos de Trabajo, que permitir\u00e1 avanzar en la regularizaci\u00f3n de situaciones y en la eliminaci\u00f3n de desigualdades salariales hist\u00f3ricas dentro del Ayuntamiento, adem\u00e1s de incorporar perfiles t\u00e9cnicos necesarios para reforzar la capacidad de gesti\u00f3n municipal. \u201cNo es solo una cuesti\u00f3n t\u00e9cnica; es una cuesti\u00f3n de dignidad profesional y de coherencia institucional. Un Ayuntamiento fuerte necesita una plantilla motivada, reconocida y organizada con criterios objetivos y transparentes\u201d, se\u00f1al\u00f3 Civera al respecto.<\/p>\n<p>Las cuentas municipales mantienen, adem\u00e1s, una situaci\u00f3n financiera saneada, con un nivel de endeudamiento previsto al cierre del ejercicio del 9,58% de los ingresos corrientes, muy por debajo de los l\u00edmites establecidos. La alcaldesa destac\u00f3 que \u201cla buena gesti\u00f3n econ\u00f3mica de los \u00faltimos a\u00f1os nos permite hoy consolidar servicios, ampliar inversiones y avanzar en justicia organizativa sin comprometer la salud financiera municipal\u201d.<\/p>\n<p>En definitiva, el presupuesto de 2026 representa, en palabras de Cristina Civera, \u201cun Museros con mejores servicios, mejores infraestructuras, una administraci\u00f3n m\u00e1s justa y un compromiso firme con el bienestar colectivo\u201d, reafirmando el objetivo de seguir construyendo un municipio \u201cm\u00e1s equilibrado, m\u00e1s moderno y humano\u201d.<\/p>\n","protected":false},"excerpt":{"rendered":"<p>El Ayuntamiento de Museros ha aprobado por mayor\u00eda en el pleno celebrado ayer, 26 de febrero, el presupuesto municipal para el ejercicio 2026, que asciende a 7.840.715,79 euros. Las cuentas han salido adelante con los votos a favor del PSPV y de EU-Unides Podem, la abstenci\u00f3n de Comprom\u00eds, y el voto en contra de los [&hellip;]<\/p>\n","protected":false},"author":9,"featured_media":278829,"comment_status":"closed","ping_status":"closed","sticky":false,"template":"","format":"standard","meta":{"_et_pb_use_builder":"","_et_pb_old_content":"","_et_gb_content_width":"","footnotes":""},"categories":[1148],"tags":[],"wf_post_folders":[265],"class_list":["post-278827","post","type-post","status-publish","format-standard","has-post-thumbnail","hentry","category-hacienda-tributos"],"_links":{"self":[{"href":"https:\/\/museros.org\/inici\/wp-json\/wp\/v2\/posts\/278827","targetHints":{"allow":["GET"]}}],"collection":[{"href":"https:\/\/museros.org\/inici\/wp-json\/wp\/v2\/posts"}],"about":[{"href":"https:\/\/museros.org\/inici\/wp-json\/wp\/v2\/types\/post"}],"author":[{"embeddable":true,"href":"https:\/\/museros.org\/inici\/wp-json\/wp\/v2\/users\/9"}],"replies":[{"embeddable":true,"href":"https:\/\/museros.org\/inici\/wp-json\/wp\/v2\/comments?post=278827"}],"version-history":[{"count":1,"href":"https:\/\/museros.org\/inici\/wp-json\/wp\/v2\/posts\/278827\/revisions"}],"predecessor-version":[{"id":278828,"href":"https:\/\/museros.org\/inici\/wp-json\/wp\/v2\/posts\/278827\/revisions\/278828"}],"wp:featuredmedia":[{"embeddable":true,"href":"https:\/\/museros.org\/inici\/wp-json\/wp\/v2\/media\/278829"}],"wp:attachment":[{"href":"https:\/\/museros.org\/inici\/wp-json\/wp\/v2\/media?parent=278827"}],"wp:term":[{"taxonomy":"category","embeddable":true,"href":"https:\/\/museros.org\/inici\/wp-json\/wp\/v2\/categories?post=278827"},{"taxonomy":"post_tag","embeddable":true,"href":"https:\/\/museros.org\/inici\/wp-json\/wp\/v2\/tags?post=278827"},{"taxonomy":"wf_post_folders","embeddable":true,"href":"https:\/\/museros.org\/inici\/wp-json\/wp\/v2\/wf_post_folders?post=278827"}],"curies":[{"name":"wp","href":"https:\/\/api.w.org\/{rel}","templated":true}]}}