{"id":278255,"date":"2025-12-19T18:01:55","date_gmt":"2025-12-19T16:01:55","guid":{"rendered":"https:\/\/museros.org\/inici\/?p=278255"},"modified":"2026-01-09T18:03:02","modified_gmt":"2026-01-09T16:03:02","slug":"museros-felicita-y-respalda-a-noel-ribera-tras-recibir-el-premio-va-de-bous","status":"publish","type":"post","link":"https:\/\/museros.org\/inici\/es\/museros-felicita-y-respalda-a-noel-ribera-tras-recibir-el-premio-va-de-bous\/","title":{"rendered":"Museros felicita y respalda a Noel Ribera tras recibir el Premio Va de Bous"},"content":{"rendered":"<p>El Ayuntamiento de Museros quiere trasladar p\u00fablicamente su enhorabuena y su respaldo al recortador muserenc Noel Ribera Sancho, distinguido en la modalidad de <em>bous al carrer<\/em> en la VII edici\u00f3n de los premios taurinos Va de Bous, convocados por la Generalitat Valenciana para reconocer la labor de profesionales y entidades del mundo taurino de la Comunitat Valenciana.<\/p>\n<p>El acto de entrega se celebr\u00f3 el pasado 17 de diciembre en el centro cultural La Benefic\u00e8ncia de Val\u00e8ncia, y estuvo presidido por el conseller de Emergencias e Interior, Juan Carlos Valderrama. En esta edici\u00f3n fueron reconocidas 13 figuras y colectivos vinculados a la tauromaquia. La alcaldesa de Museros, Cristina Civera, fue la encargada de entregar el galard\u00f3n a Noel Ribera, destacando su trayectoria y su estrecha vinculaci\u00f3n con el municipio.<\/p>\n<p>Para la alcaldesa, este reconocimiento \u201csupone un orgullo para todo el pueblo de Museros\u201d y pone en valor el ejemplo que representa el premiado. \u201cNoel encarna el esfuerzo, la constancia y el respeto por nuestras tradiciones. Su \u00e9xito es tambi\u00e9n el \u00e9xito de nuestro pueblo, y desde el Ayuntamiento queremos trasladarle nuestra felicitaci\u00f3n y todo nuestro apoyo por un premio m\u00e1s que merecido\u201d, ha se\u00f1alado Civera.<\/p>\n<p>Noel Ribera cuenta con una trayectoria consolidada en el mundo del recorte, con logros como el campeonato de la Comunitat Valenciana y el subcampeonato de Espa\u00f1a en 2023, adem\u00e1s del tercer puesto a nivel nacional en 2024, lo que lo sit\u00faa como una de las figuras m\u00e1s destacadas de esta disciplina.<\/p>\n<p>Durante su intervenci\u00f3n, el recortador muserenc expres\u00f3 la emoci\u00f3n que supone recibir este galard\u00f3n y puso el acento en el car\u00e1cter vocacional de su afici\u00f3n. Ribera afirm\u00f3 que recoger este premio \u201ces un orgullo y una alegr\u00eda inmensa, y hacerlo como recortador a\u00fan lo hace m\u00e1s especial\u201d, subray\u00f3 que la participaci\u00f3n en los concursos de recortes responde \u201cal sentimiento, a la satisfacci\u00f3n personal y al amor por el toro\u201d, ya que se trata de una actividad no profesionalizada que se mantiene \u201cpor pura afici\u00f3n\u201d.<\/p>\n<p>Asimismo, quiso destacar el buen momento que atraviesa la tauromaquia, asegurando que \u201cest\u00e1 en constante crecimiento, m\u00e1s viva que nunca\u201d, y agradeci\u00f3 este reconocimiento que, seg\u00fan afirm\u00f3, tiene para \u00e9l \u201cun gran valor sentimental\u201d.<\/p>\n<p>Desde el Ayuntamiento de Museros se reitera la enhorabuena a Noel Ribera y se le desean nuevos \u00e9xitos en su trayectoria, destacando su aportaci\u00f3n a la proyecci\u00f3n del municipio y a la preservaci\u00f3n de una tradici\u00f3n profundamente arraigada en la localidad de Museros y en la Comunitat Valenciana.<\/p>\n","protected":false},"excerpt":{"rendered":"<p>El Ayuntamiento de Museros quiere trasladar p\u00fablicamente su enhorabuena y su respaldo al recortador muserenc Noel Ribera Sancho, distinguido en la modalidad de bous al carrer en la VII edici\u00f3n de los premios taurinos Va de Bous, convocados por la Generalitat Valenciana para reconocer la labor de profesionales y entidades del mundo taurino de la [&hellip;]<\/p>\n","protected":false},"author":9,"featured_media":278251,"comment_status":"closed","ping_status":"closed","sticky":false,"template":"","format":"standard","meta":{"_et_pb_use_builder":"","_et_pb_old_content":"","_et_gb_content_width":"","footnotes":""},"categories":[1630,537],"tags":[],"wf_post_folders":[1234],"class_list":["post-278255","post","type-post","status-publish","format-standard","has-post-thumbnail","hentry","category-fiestas","category-sin-categoria-es"],"_links":{"self":[{"href":"https:\/\/museros.org\/inici\/wp-json\/wp\/v2\/posts\/278255","targetHints":{"allow":["GET"]}}],"collection":[{"href":"https:\/\/museros.org\/inici\/wp-json\/wp\/v2\/posts"}],"about":[{"href":"https:\/\/museros.org\/inici\/wp-json\/wp\/v2\/types\/post"}],"author":[{"embeddable":true,"href":"https:\/\/museros.org\/inici\/wp-json\/wp\/v2\/users\/9"}],"replies":[{"embeddable":true,"href":"https:\/\/museros.org\/inici\/wp-json\/wp\/v2\/comments?post=278255"}],"version-history":[{"count":1,"href":"https:\/\/museros.org\/inici\/wp-json\/wp\/v2\/posts\/278255\/revisions"}],"predecessor-version":[{"id":278256,"href":"https:\/\/museros.org\/inici\/wp-json\/wp\/v2\/posts\/278255\/revisions\/278256"}],"wp:featuredmedia":[{"embeddable":true,"href":"https:\/\/museros.org\/inici\/wp-json\/wp\/v2\/media\/278251"}],"wp:attachment":[{"href":"https:\/\/museros.org\/inici\/wp-json\/wp\/v2\/media?parent=278255"}],"wp:term":[{"taxonomy":"category","embeddable":true,"href":"https:\/\/museros.org\/inici\/wp-json\/wp\/v2\/categories?post=278255"},{"taxonomy":"post_tag","embeddable":true,"href":"https:\/\/museros.org\/inici\/wp-json\/wp\/v2\/tags?post=278255"},{"taxonomy":"wf_post_folders","embeddable":true,"href":"https:\/\/museros.org\/inici\/wp-json\/wp\/v2\/wf_post_folders?post=278255"}],"curies":[{"name":"wp","href":"https:\/\/api.w.org\/{rel}","templated":true}]}}