{"id":277191,"date":"2025-10-20T15:32:58","date_gmt":"2025-10-20T13:32:58","guid":{"rendered":"https:\/\/museros.org\/inici\/?p=277191"},"modified":"2025-10-20T15:33:21","modified_gmt":"2025-10-20T13:33:21","slug":"museros-celebra-los-actos-postpuestos-del-9-de-octubre","status":"publish","type":"post","link":"https:\/\/museros.org\/inici\/es\/museros-celebra-los-actos-postpuestos-del-9-de-octubre\/","title":{"rendered":"Museros celebra los actos postpuestos del 9 de Octubre"},"content":{"rendered":"<p>Museros ha celebrado los actos del 9 d\u2019Octubre con m\u00e1s de 2.000 raciones de caldera y una jornada llena de m\u00fasica, tradici\u00f3n y convivencia. Despu\u00e9s de haber tenido que posponer los festejos del D\u00eda de la Comunidad Valenciana debido a la lluvia, este domingo 19 de octubre el municipio ha vivido la esperada jornada festiva con todos los eventos que tuvieron que ser aplazados por las previsiones meteorol\u00f3gicas. Desde la Concejal\u00eda de Fiestas del Ayuntamiento de Museros se ha respetado la programaci\u00f3n completa y la poblaci\u00f3n ha respondido con una asistencia multitudinaria.<\/p>\n<p>La celebraci\u00f3n comenz\u00f3 con el concierto de la Xiqui-Band y la Banda Juvenil de la Societat Uni\u00f3 Musical de Museros (SUMM) en el parque de la M\u00fasica, que dio paso a la cercavila de <em>tabals<\/em> y <em>dol\u00e7aines <\/em>a cargo de La Huitena, llenando las calles de ambiente festivo y emoci\u00f3n. Uno de los momentos m\u00e1s esperados fue el tradicional reparto de la caldera. Despu\u00e9s, la comida popular en la plaza del Poeta Llorente reuni\u00f3 a la poblaci\u00f3n en torno a la gastronom\u00eda y la m\u00fasica, con la actuaci\u00f3n de una orquesta que puso el broche final a un d\u00eda repleto de alegr\u00eda, reencuentros y tradici\u00f3n.<\/p>\n<p>Cristina Civera, concejala de Fiestas y alcaldesa de Museros, ha destacado la importancia de mantener vivas las ra\u00edces culturales del municipio: \u201cEs nuestro deber conservar nuestra cultura y tradiciones, esta es una jornada festiva muy apreciada por todo el vecindario, por eso agradezco la implicaci\u00f3n de todas las personas y entidades que han hecho posible esta celebraci\u00f3n tan especial y se han unido para disfrutar de los actos programados\u201d.<\/p>\n<p>Desde el Ayuntamiento de Museros tambi\u00e9n se quiere agradecer la colaboraci\u00f3n de la Penya Taurina Els de la Por, cuya ayuda resulta fundamental en la organizaci\u00f3n y el desarrollo de la popular caldera.<\/p>\n<p>La jornada del 9 d\u2019Octubre ha vuelto a poner de manifiesto el esp\u00edritu participativo y la identidad valenciana que caracteriza al municipio, consolidando una de las celebraciones m\u00e1s queridas por su gente.<\/p>\n","protected":false},"excerpt":{"rendered":"<p>Museros ha celebrado los actos del 9 d\u2019Octubre con m\u00e1s de 2.000 raciones de caldera y una jornada llena de m\u00fasica, tradici\u00f3n y convivencia. Despu\u00e9s de haber tenido que posponer los festejos del D\u00eda de la Comunidad Valenciana debido a la lluvia, este domingo 19 de octubre el municipio ha vivido la esperada jornada festiva [&hellip;]<\/p>\n","protected":false},"author":9,"featured_media":277183,"comment_status":"closed","ping_status":"closed","sticky":false,"template":"","format":"standard","meta":{"_et_pb_use_builder":"","_et_pb_old_content":"","_et_gb_content_width":"","footnotes":""},"categories":[1630],"tags":[],"wf_post_folders":[1234,1240],"class_list":["post-277191","post","type-post","status-publish","format-standard","has-post-thumbnail","hentry","category-fiestas"],"_links":{"self":[{"href":"https:\/\/museros.org\/inici\/wp-json\/wp\/v2\/posts\/277191","targetHints":{"allow":["GET"]}}],"collection":[{"href":"https:\/\/museros.org\/inici\/wp-json\/wp\/v2\/posts"}],"about":[{"href":"https:\/\/museros.org\/inici\/wp-json\/wp\/v2\/types\/post"}],"author":[{"embeddable":true,"href":"https:\/\/museros.org\/inici\/wp-json\/wp\/v2\/users\/9"}],"replies":[{"embeddable":true,"href":"https:\/\/museros.org\/inici\/wp-json\/wp\/v2\/comments?post=277191"}],"version-history":[{"count":1,"href":"https:\/\/museros.org\/inici\/wp-json\/wp\/v2\/posts\/277191\/revisions"}],"predecessor-version":[{"id":277192,"href":"https:\/\/museros.org\/inici\/wp-json\/wp\/v2\/posts\/277191\/revisions\/277192"}],"wp:featuredmedia":[{"embeddable":true,"href":"https:\/\/museros.org\/inici\/wp-json\/wp\/v2\/media\/277183"}],"wp:attachment":[{"href":"https:\/\/museros.org\/inici\/wp-json\/wp\/v2\/media?parent=277191"}],"wp:term":[{"taxonomy":"category","embeddable":true,"href":"https:\/\/museros.org\/inici\/wp-json\/wp\/v2\/categories?post=277191"},{"taxonomy":"post_tag","embeddable":true,"href":"https:\/\/museros.org\/inici\/wp-json\/wp\/v2\/tags?post=277191"},{"taxonomy":"wf_post_folders","embeddable":true,"href":"https:\/\/museros.org\/inici\/wp-json\/wp\/v2\/wf_post_folders?post=277191"}],"curies":[{"name":"wp","href":"https:\/\/api.w.org\/{rel}","templated":true}]}}