{"id":277189,"date":"2025-10-20T15:31:43","date_gmt":"2025-10-20T13:31:43","guid":{"rendered":"https:\/\/museros.org\/inici\/?p=277189"},"modified":"2025-10-20T15:31:46","modified_gmt":"2025-10-20T13:31:46","slug":"museros-celebra-els-actes-ajornats-del-9-doctubre","status":"publish","type":"post","link":"https:\/\/museros.org\/inici\/museros-celebra-els-actes-ajornats-del-9-doctubre\/","title":{"rendered":"Museros celebra els actes ajornats del 9 d&#8217;Octubre"},"content":{"rendered":"<p>Museros ha celebrat els actes del 9 d\u2019Octubre amb m\u00e9s de 2.000 racions de caldera i una jornada plena de m\u00fasica, tradici\u00f3 i conviv\u00e8ncia. Despr\u00e9s d&#8217;haver hagut de posposar els festejos del Dia de la Comunitat Valenciana a causa de la pluja, aquest diumenge 19 d&#8217;octubre el municipi ha viscut l&#8217;esperada jornada festiva amb tots els esdeveniments que van haver de ser ajornats per les previsions meteorol\u00f2giques. Des de la Regidoria de Festes de l&#8217;Ajuntament de Museros s&#8217;ha respectat la programaci\u00f3 completa i la poblaci\u00f3 ha respost amb una assist\u00e8ncia multitudin\u00e0ria.<\/p>\n<p>La celebraci\u00f3 va comen\u00e7ar amb un concert de la Xiqui-Band i la Banda Juvenil de la Societat Uni\u00f3 Musical de Museros (SUMM) al parc de la M\u00fasica, que va donar pas a la cercavila de tabals i dol\u00e7aines a c\u00e0rrec de La Huitena, que va omplir els carrers d&#8217;ambient festiu i emoci\u00f3. Un dels moments m\u00e9s esperats va ser el tradicional repartiment de la caldera. Despr\u00e9s, el dinar popular en la pla\u00e7a del Poeta Llorente va reunir la poblaci\u00f3 entorn de la gastronomia i la m\u00fasica, amb l&#8217;actuaci\u00f3 d&#8217;una orquestra que va posar el colof\u00f3 a un dia replet d&#8217;alegria, retrobaments i tradici\u00f3.<\/p>\n<p>Cristina Civera, regidora de Festes i alcaldessa de Museros, ha destacat la import\u00e0ncia de mantindre vives les arrels culturals del municipi: \u201c\u00c9s el nostre deure conservar la nostra cultura i tradicions, aquesta \u00e9s una jornada festiva molt apreciada per tot el ve\u00efnat, per aix\u00f2 agra\u00efsc la implicaci\u00f3 de totes les persones i entitats que han fet possible aquesta celebraci\u00f3 tan especial i tamb\u00e9 aquelles que s&#8217;han unit per a gaudir dels actes programats\u201d.<\/p>\n<p>Des de l&#8217;Ajuntament de Museros tamb\u00e9 es vol agrair la col\u00b7laboraci\u00f3 de la Penya Taurina Els de la Por, l&#8217;ajuda de la qual resulta fonamental en l&#8217;organitzaci\u00f3 i el desenvolupament de la popular caldera.<\/p>\n<p>La jornada del 9 d\u2019Octubre ha tornat a posar de manifest l&#8217;esperit participatiu i la identitat valenciana que caracteritza el municipi, i ha consolidat una de les celebracions m\u00e9s estimades per la seua gent.<\/p>\n","protected":false},"excerpt":{"rendered":"<p>Museros ha celebrat els actes del 9 d\u2019Octubre amb m\u00e9s de 2.000 racions de caldera i una jornada plena de m\u00fasica, tradici\u00f3 i conviv\u00e8ncia. Despr\u00e9s d&#8217;haver hagut de posposar els festejos del Dia de la Comunitat Valenciana a causa de la pluja, aquest diumenge 19 d&#8217;octubre el municipi ha viscut l&#8217;esperada jornada festiva amb tots [&hellip;]<\/p>\n","protected":false},"author":9,"featured_media":277183,"comment_status":"closed","ping_status":"closed","sticky":false,"template":"","format":"standard","meta":{"_et_pb_use_builder":"","_et_pb_old_content":"","_et_gb_content_width":"","footnotes":""},"categories":[1628],"tags":[],"wf_post_folders":[1234,1241],"class_list":["post-277189","post","type-post","status-publish","format-standard","has-post-thumbnail","hentry","category-festes"],"_links":{"self":[{"href":"https:\/\/museros.org\/inici\/wp-json\/wp\/v2\/posts\/277189","targetHints":{"allow":["GET"]}}],"collection":[{"href":"https:\/\/museros.org\/inici\/wp-json\/wp\/v2\/posts"}],"about":[{"href":"https:\/\/museros.org\/inici\/wp-json\/wp\/v2\/types\/post"}],"author":[{"embeddable":true,"href":"https:\/\/museros.org\/inici\/wp-json\/wp\/v2\/users\/9"}],"replies":[{"embeddable":true,"href":"https:\/\/museros.org\/inici\/wp-json\/wp\/v2\/comments?post=277189"}],"version-history":[{"count":1,"href":"https:\/\/museros.org\/inici\/wp-json\/wp\/v2\/posts\/277189\/revisions"}],"predecessor-version":[{"id":277190,"href":"https:\/\/museros.org\/inici\/wp-json\/wp\/v2\/posts\/277189\/revisions\/277190"}],"wp:featuredmedia":[{"embeddable":true,"href":"https:\/\/museros.org\/inici\/wp-json\/wp\/v2\/media\/277183"}],"wp:attachment":[{"href":"https:\/\/museros.org\/inici\/wp-json\/wp\/v2\/media?parent=277189"}],"wp:term":[{"taxonomy":"category","embeddable":true,"href":"https:\/\/museros.org\/inici\/wp-json\/wp\/v2\/categories?post=277189"},{"taxonomy":"post_tag","embeddable":true,"href":"https:\/\/museros.org\/inici\/wp-json\/wp\/v2\/tags?post=277189"},{"taxonomy":"wf_post_folders","embeddable":true,"href":"https:\/\/museros.org\/inici\/wp-json\/wp\/v2\/wf_post_folders?post=277189"}],"curies":[{"name":"wp","href":"https:\/\/api.w.org\/{rel}","templated":true}]}}