{"id":276841,"date":"2025-10-08T19:23:26","date_gmt":"2025-10-08T17:23:26","guid":{"rendered":"https:\/\/museros.org\/inici\/?p=276841"},"modified":"2025-10-09T22:05:54","modified_gmt":"2025-10-09T20:05:54","slug":"el-ayuntamiento-de-museros-galardona-a-manuel-ros-ruiz-con-el-premio-cultura-museros-2025","status":"publish","type":"post","link":"https:\/\/museros.org\/inici\/es\/el-ayuntamiento-de-museros-galardona-a-manuel-ros-ruiz-con-el-premio-cultura-museros-2025\/","title":{"rendered":"El Ayuntamiento de Museros galardona a Manuel Ros Ruiz con el Premio Cultura Museros 2025"},"content":{"rendered":"<p>El Ayuntamiento de Museros, a trav\u00e9s de la Concejal\u00eda de Cultura y Promoci\u00f3n Ling\u00fc\u00edstica, ha celebrado la gala de entrega del Premi Cultura Museros 2025. En esta edici\u00f3n ha otorgado el galard\u00f3n a Manuel Ros Ruiz, con el lema \u201cCreant des de l\u2019art\u201d, como reconocimiento por su trayectoria creativa en varias disciplinas.<\/p>\n<p>En un acto muy emotivo, celebrado el viernes 3 de octubre en la Casa Cultura de Museros, el galardonado recibi\u00f3 la distinci\u00f3n de manos de Gemma Pasqual, escritora reconocida en 2024 con este premio. La gala, presentada por Vicent Sim\u00f3n, reflexion\u00f3 sobre qu\u00e9 es el arte con un tono muy po\u00e9tico y reflexivo, se realiz\u00f3 un recorrido por grandes obras art\u00edsticas universales, y con el apoyo de la danza hizo visibles conceptos relacionados con el proceso creativo, adem\u00e1s dos artistas pintaron un lienzo de gran formato en directo.<\/p>\n<p>Manuel Ros, conocido como\u00a0Campano\u00a0en la poblaci\u00f3n, es un artista polifac\u00e9tico: pintor, escultor, dibujante,\u00a0ilustrador\u00a0y dise\u00f1ador multimedia, que se ha adaptado a los nuevos tiempos junto a la tecnolog\u00eda sin dejar la pasi\u00f3n por el arte y llevando el nombre de la localidad all\u00e1 donde va con mucho de orgullo. Es licenciado en Bellas Artes y actualmente compagina su carrera como artista con la docencia en varios centros, donde es profesor de Dise\u00f1o gr\u00e1fico asistido por ordenador y Dise\u00f1o web. Su carrera art\u00edstica siempre ha estado muy arraigada en Museros, donde ha ejecutado obras como el mural <em>Torreta<\/em>, la escultura <em>La cultura no dorm als llibres<\/em> o la escultura pintada <em>Tomaques de Museros<\/em>. Recientemente, ha\u00a0ilustrado\u00a0<em>Museros 5<\/em>, una\u00a0novela\u00a0gr\u00e1fica inspirada en un Museros dist\u00f3pico con san\u00a0Roc\u00a0como protagonista. Esta obra ha sido presentada este a\u00f1o en la Casa de Cultura de Museros.<\/p>\n<p>Laura\u00a0Brisa, concejala de Cultura, ha destacado la importancia del Premio Cultura Museros: \u201cEs un est\u00edmulo porque nuestros creadores y creadoras se atrevan a explorar, innovar y compartir su talento, sabiendo que el pueblo los apoya y los admira. Mantener viva esta cita es garantizar que Museros tenga siempre un espacio donde la creatividad crezca y donde las generaciones futuras encuentren referentes para continuar escribiendo, pintando o dise\u00f1ando nuestra historia\u201d. Cristina Civera, alcaldesa de Museros, por su parte, ha indicado que este premio \u201cse ha convertido en un s\u00edmbolo, el reconocimiento a quien, con cada pincelada o cada l\u00ednea, hace de nuestra poblaci\u00f3n un referente cultural. Desde el Ayuntamiento de Museros, continuamos apostando por nuestros artistas, valorando nuestro patrimonio y haciendo crecer el relato compartido que nos identifica\u201d. Ambas han felicitado\u00a0a Campano, y han dado las gracias a todas las personas que trabajan para mantener viva la cultura de la localidad. Por otro lado, Ros agradeci\u00f3 el reconocimiento y explic\u00f3, con un cuento sobre la historia de su vida, como hab\u00eda llegado hasta este momento.<\/p>\n<p>La gala fue retransmitida en directo a trav\u00e9s del canal de YouTube del Ayuntamiento de Museros, puede verse al completo en este enlace:<br \/>\n<a href=\"https:\/\/www.youtube.com\/live\/2_dt2s6XzNo?si=ONF9C9jDaZOpIw_Z\" target=\"_blank\" rel=\"noopener\">https:\/\/www.youtube.com\/live\/2_dt2s6XzNo?si=UfhMHRpE8NKlWtsp.<\/a><br \/>\nTambi\u00e9n se ha editado un reportaje sobre \u00e9l disponible en:<br \/>\n<a href=\"https:\/\/museros.org\/wp-content\/uploads\/2025\/10\/manuelrosvideo.mp4\" target=\"_blank\" rel=\"noopener\">https:\/\/museros.org\/wp-content\/uploads\/2025\/10\/manuelrosvideo.mp4<\/a>.<\/p>\n","protected":false},"excerpt":{"rendered":"<p>El Ayuntamiento de Museros, a trav\u00e9s de la Concejal\u00eda de Cultura y Promoci\u00f3n Ling\u00fc\u00edstica, ha celebrado la gala de entrega del Premi Cultura Museros 2025. En esta edici\u00f3n ha otorgado el galard\u00f3n a Manuel Ros Ruiz, con el lema \u201cCreant des de l\u2019art\u201d, como reconocimiento por su trayectoria creativa en varias disciplinas. En un acto [&hellip;]<\/p>\n","protected":false},"author":9,"featured_media":276838,"comment_status":"closed","ping_status":"closed","sticky":false,"template":"","format":"standard","meta":{"_et_pb_use_builder":"","_et_pb_old_content":"","_et_gb_content_width":"","footnotes":""},"categories":[1283],"tags":[],"wf_post_folders":[1285],"class_list":["post-276841","post","type-post","status-publish","format-standard","has-post-thumbnail","hentry","category-cultura"],"_links":{"self":[{"href":"https:\/\/museros.org\/inici\/wp-json\/wp\/v2\/posts\/276841","targetHints":{"allow":["GET"]}}],"collection":[{"href":"https:\/\/museros.org\/inici\/wp-json\/wp\/v2\/posts"}],"about":[{"href":"https:\/\/museros.org\/inici\/wp-json\/wp\/v2\/types\/post"}],"author":[{"embeddable":true,"href":"https:\/\/museros.org\/inici\/wp-json\/wp\/v2\/users\/9"}],"replies":[{"embeddable":true,"href":"https:\/\/museros.org\/inici\/wp-json\/wp\/v2\/comments?post=276841"}],"version-history":[{"count":3,"href":"https:\/\/museros.org\/inici\/wp-json\/wp\/v2\/posts\/276841\/revisions"}],"predecessor-version":[{"id":276844,"href":"https:\/\/museros.org\/inici\/wp-json\/wp\/v2\/posts\/276841\/revisions\/276844"}],"wp:featuredmedia":[{"embeddable":true,"href":"https:\/\/museros.org\/inici\/wp-json\/wp\/v2\/media\/276838"}],"wp:attachment":[{"href":"https:\/\/museros.org\/inici\/wp-json\/wp\/v2\/media?parent=276841"}],"wp:term":[{"taxonomy":"category","embeddable":true,"href":"https:\/\/museros.org\/inici\/wp-json\/wp\/v2\/categories?post=276841"},{"taxonomy":"post_tag","embeddable":true,"href":"https:\/\/museros.org\/inici\/wp-json\/wp\/v2\/tags?post=276841"},{"taxonomy":"wf_post_folders","embeddable":true,"href":"https:\/\/museros.org\/inici\/wp-json\/wp\/v2\/wf_post_folders?post=276841"}],"curies":[{"name":"wp","href":"https:\/\/api.w.org\/{rel}","templated":true}]}}