{"id":276837,"date":"2025-10-08T19:14:30","date_gmt":"2025-10-08T17:14:30","guid":{"rendered":"https:\/\/museros.org\/inici\/?p=276837"},"modified":"2025-10-09T22:06:14","modified_gmt":"2025-10-09T20:06:14","slug":"lajuntament-de-museros-guardona-manuel-ros-ruiz-amb-el-premi-cultura-museros-2025","status":"publish","type":"post","link":"https:\/\/museros.org\/inici\/lajuntament-de-museros-guardona-manuel-ros-ruiz-amb-el-premi-cultura-museros-2025\/","title":{"rendered":"L\u2019Ajuntament de Museros guardona Manuel Ros Ruiz amb el Premi Cultura Museros 2025"},"content":{"rendered":"<p>L\u2019Ajuntament de Museros, a trav\u00e9s de la Regidoria de Cultura i Promoci\u00f3 Ling\u00fc\u00edstica, ha celebrat la gala d\u2019entrega del Premi Cultura Museros 2025. En aquesta edici\u00f3 ha atorgat el guard\u00f3 a Manuel Ros Ruiz, amb el lema \u201cCreant des de l\u2019art\u201d, com a reconeixement per la seua traject\u00f2ria creativa en diverses disciplines.<\/p>\n<p>En un acte molt emotiu, celebrat el divendres 3 d\u2019octubre a la Casa Cultura de Museros, el guardonat va rebre la distinci\u00f3 de mans de Gemma Pasqual, escriptora reconeguda l\u2019any 2024 amb aquest premi. En la gala, presentada per Vicent Sim\u00f3n, es reflexion\u00e0 sobre qu\u00e8 \u00e9s l\u2019art amb un to molt po\u00e8tic i reflexiu, es realitz\u00e0 un recorregut per grans obres art\u00edstiques universals, i amb el suport de la dansa i de dos artistes que pintaren un llen\u00e7 de gran format en directe, es feren visibles aquests conceptes.<\/p>\n<p>Manuel Ros, conegut amb el sobrenom de <em>Campano<\/em> en la poblaci\u00f3, \u00e9s un artista polifac\u00e8tic: pintor, escultor, dibuixant, il\u00b7lustrador i dissenyador multim\u00e8dia, que s\u2019ha adaptat als nous temps al costat de la tecnologia sense deixar la passi\u00f3 per l\u2019art i duent el nom de la localitat all\u00e0 on va amb molt d\u2019orgull. \u00c9s llicenciat en Belles Arts i actualment compagina la seua carrera com a artista amb la doc\u00e8ncia en diversos centres, on \u00e9s professor de Disseny gr\u00e0fic assistit per ordinador i Disseny web. La seua carrera art\u00edstica sempre ha estat molt arrelada a Museros, on ha executat obres com el mural <em>Torreta<\/em>, l\u2019escultura<em> La cultura no dorm als llibres<\/em> o l\u2019escultura pintada <em>Tomaques de Museros.<\/em> Recentment, ha il\u00b7lustrat <em>Museros 5<\/em>, una novel\u00b7la gr\u00e0fica inspirada en un Museros dist\u00f2pic amb sant Roc com a protagonista. Aquesta obra ha sigut presentada enguany a la Casa de Cultura de Museros.<\/p>\n<p>Laura Brisa, regidora de Cultura, ha destacat la import\u00e0ncia del Premi Cultura Museros: \u201c\u00c9s un est\u00edmul perqu\u00e8 els nostres creadors i creadores s\u2019atrevisquen a explorar, innovar i compartir el seu talent, sabent que el poble els dona suport i els admira. Mantindre viva aquesta cita \u00e9s garantir que Museros tinga sempre un espai on la creativitat cresca i on les generacions futures troben referents per a continuar escrivint, pintant o dissenyant la nostra hist\u00f2ria\u201d. Cristina Civera, alcaldessa de Museros, per la seua part, ha indicat que aquest premi \u201cs\u2019ha convertit en un s\u00edmbol, el reconeixement a qui, amb cada pinzellada o cada l\u00ednia, fa de la nostra poblaci\u00f3 un referent cultural. Des de l\u2019Ajuntament de Museros, continuem apostant pels nostres artistes, valorant el nostre patrimoni i fent cr\u00e9ixer el relat compartit que ens identifica\u201d. Ambdues han felicitat <em>Campano<\/em>, i han donat les gr\u00e0cies a totes les persones que treballen per mantindre viva la cultura de la localitat. D\u2019altra banda, Ros va agrair el reconeixement i va explicar, amb un conte sobre la hist\u00f2ria de la seua vida, com havia arribat fins a aquest moment.<\/p>\n<p>La gala va ser retransmesa en directe a trav\u00e9s del canal de YouTube de l&#8217;Ajuntament de Museros, i pot veure&#8217;s al complet en aquest enlla\u00e7:<br \/>\n<a href=\"https:\/\/www.youtube.com\/live\/2_dt2s6XzNo?si=UfhMHRpE8NKlWtsp\">https:\/\/www.youtube.com\/live\/2_dt2s6XzNo?si=UfhMHRpE8NKlWtsp<\/a>.<br \/>\nTamb\u00e9 s\u2019ha editat un reportatge sobre el premiat disponible en:<br \/>\n<a href=\"https:\/\/museros.org\/wp-content\/uploads\/2025\/10\/manuelrosvideo.mp4\" target=\"_blank\" rel=\"noopener\">https:\/\/museros.org\/wp-content\/uploads\/2025\/10\/manuelrosvideo.mp4<\/a><\/p>\n","protected":false},"excerpt":{"rendered":"<p>L\u2019Ajuntament de Museros, a trav\u00e9s de la Regidoria de Cultura i Promoci\u00f3 Ling\u00fc\u00edstica, ha celebrat la gala d\u2019entrega del Premi Cultura Museros 2025. En aquesta edici\u00f3 ha atorgat el guard\u00f3 a Manuel Ros Ruiz, amb el lema \u201cCreant des de l\u2019art\u201d, com a reconeixement per la seua traject\u00f2ria creativa en diverses disciplines. En un acte [&hellip;]<\/p>\n","protected":false},"author":9,"featured_media":276838,"comment_status":"closed","ping_status":"closed","sticky":false,"template":"","format":"standard","meta":{"_et_pb_use_builder":"","_et_pb_old_content":"","_et_gb_content_width":"","footnotes":""},"categories":[1262],"tags":[],"wf_post_folders":[1285],"class_list":["post-276837","post","type-post","status-publish","format-standard","has-post-thumbnail","hentry","category-cultura-va"],"_links":{"self":[{"href":"https:\/\/museros.org\/inici\/wp-json\/wp\/v2\/posts\/276837","targetHints":{"allow":["GET"]}}],"collection":[{"href":"https:\/\/museros.org\/inici\/wp-json\/wp\/v2\/posts"}],"about":[{"href":"https:\/\/museros.org\/inici\/wp-json\/wp\/v2\/types\/post"}],"author":[{"embeddable":true,"href":"https:\/\/museros.org\/inici\/wp-json\/wp\/v2\/users\/9"}],"replies":[{"embeddable":true,"href":"https:\/\/museros.org\/inici\/wp-json\/wp\/v2\/comments?post=276837"}],"version-history":[{"count":3,"href":"https:\/\/museros.org\/inici\/wp-json\/wp\/v2\/posts\/276837\/revisions"}],"predecessor-version":[{"id":276846,"href":"https:\/\/museros.org\/inici\/wp-json\/wp\/v2\/posts\/276837\/revisions\/276846"}],"wp:featuredmedia":[{"embeddable":true,"href":"https:\/\/museros.org\/inici\/wp-json\/wp\/v2\/media\/276838"}],"wp:attachment":[{"href":"https:\/\/museros.org\/inici\/wp-json\/wp\/v2\/media?parent=276837"}],"wp:term":[{"taxonomy":"category","embeddable":true,"href":"https:\/\/museros.org\/inici\/wp-json\/wp\/v2\/categories?post=276837"},{"taxonomy":"post_tag","embeddable":true,"href":"https:\/\/museros.org\/inici\/wp-json\/wp\/v2\/tags?post=276837"},{"taxonomy":"wf_post_folders","embeddable":true,"href":"https:\/\/museros.org\/inici\/wp-json\/wp\/v2\/wf_post_folders?post=276837"}],"curies":[{"name":"wp","href":"https:\/\/api.w.org\/{rel}","templated":true}]}}