{"id":276795,"date":"2025-09-22T15:40:48","date_gmt":"2025-09-22T13:40:48","guid":{"rendered":"https:\/\/museros.org\/inici\/?p=276795"},"modified":"2025-09-22T15:45:42","modified_gmt":"2025-09-22T13:45:42","slug":"museros-intensifica-els-treballs-de-neteja-del-barranquet-per-a-previndre-inundacions","status":"publish","type":"post","link":"https:\/\/museros.org\/inici\/museros-intensifica-els-treballs-de-neteja-del-barranquet-per-a-previndre-inundacions\/","title":{"rendered":"Museros intensifica els treballs de neteja del Barranquet per a previndre inundacions"},"content":{"rendered":"<p>L&#8217;Ajuntament de Museros, a trav\u00e9s de la Regidoria d&#8217;Agricultura, ha coordinat un pla especial de neteja del Barranquet i de les zones adjacents. Aquesta actuaci\u00f3 respon a l&#8217;objectiu de minimitzar riscos per eventuals inundacions davant episodis de pluges intenses que es puguen produir en els mesos de la tardor.<\/p>\n<p>Els treballs s&#8217;han centrat principalment en el desbrossament de matolls i vegetaci\u00f3 que enva\u00efen el llit, garantint aix\u00ed una evacuaci\u00f3 m\u00e9s r\u00e0pida i segura de les aig\u00fces pluvials. Aix\u00ed mateix, s&#8217;ha dut a terme la neteja de camins i espais enjardinats gr\u00e0cies a la labor dels peons agr\u00edcoles que es van incorporar el passat mes de juliol. En la neteja del barranc s&#8217;ha utilitzat maquin\u00e0ria espec\u00edfica, com una retroexcavadora, per a facilitar els treballs i la retirada de canyars, brut\u00edcia i males herbes.<\/p>\n<p>A m\u00e9s, la brigada municipal ha estat duent a terme aquest mes les faenes anuals de neteja i desinfecci\u00f3 dels embornals, del sequiol i de les reixes de recollida d\u2019aig\u00fces pluvials de tot el municipi.<\/p>\n<p>Cristina Civera, alcaldessa de Museros i responsable de l&#8217;\u00e0rea d&#8217;Agricultura, ha destacat la import\u00e0ncia d&#8217;aquestes accions: \u201cAnticipar-nos \u00e9s la millor manera de reduir l&#8217;impacte de les pluges intenses. Amb aquestes labors de neteja reforcem la protecci\u00f3 dels nostres carrers, camins i camps, i garantim major seguretat per a tota la ciutadania. S\u00f3n actuacions que reflecteixen el comprom\u00eds ferm de l&#8217;Ajuntament amb la cura de Museros i amb una gesti\u00f3 sostenible del nostre entorn\u201d.<\/p>\n","protected":false},"excerpt":{"rendered":"<p>L&#8217;Ajuntament de Museros, a trav\u00e9s de la Regidoria d&#8217;Agricultura, ha coordinat un pla especial de neteja del Barranquet i de les zones adjacents. Aquesta actuaci\u00f3 respon a l&#8217;objectiu de minimitzar riscos per eventuals inundacions davant episodis de pluges intenses que es puguen produir en els mesos de la tardor. Els treballs s&#8217;han centrat principalment en [&hellip;]<\/p>\n","protected":false},"author":9,"featured_media":276796,"comment_status":"closed","ping_status":"closed","sticky":false,"template":"","format":"standard","meta":{"_et_pb_use_builder":"","_et_pb_old_content":"","_et_gb_content_width":"","footnotes":""},"categories":[1844],"tags":[],"wf_post_folders":[1880],"class_list":["post-276795","post","type-post","status-publish","format-standard","has-post-thumbnail","hentry","category-agricultura"],"_links":{"self":[{"href":"https:\/\/museros.org\/inici\/wp-json\/wp\/v2\/posts\/276795","targetHints":{"allow":["GET"]}}],"collection":[{"href":"https:\/\/museros.org\/inici\/wp-json\/wp\/v2\/posts"}],"about":[{"href":"https:\/\/museros.org\/inici\/wp-json\/wp\/v2\/types\/post"}],"author":[{"embeddable":true,"href":"https:\/\/museros.org\/inici\/wp-json\/wp\/v2\/users\/9"}],"replies":[{"embeddable":true,"href":"https:\/\/museros.org\/inici\/wp-json\/wp\/v2\/comments?post=276795"}],"version-history":[{"count":1,"href":"https:\/\/museros.org\/inici\/wp-json\/wp\/v2\/posts\/276795\/revisions"}],"predecessor-version":[{"id":276797,"href":"https:\/\/museros.org\/inici\/wp-json\/wp\/v2\/posts\/276795\/revisions\/276797"}],"wp:featuredmedia":[{"embeddable":true,"href":"https:\/\/museros.org\/inici\/wp-json\/wp\/v2\/media\/276796"}],"wp:attachment":[{"href":"https:\/\/museros.org\/inici\/wp-json\/wp\/v2\/media?parent=276795"}],"wp:term":[{"taxonomy":"category","embeddable":true,"href":"https:\/\/museros.org\/inici\/wp-json\/wp\/v2\/categories?post=276795"},{"taxonomy":"post_tag","embeddable":true,"href":"https:\/\/museros.org\/inici\/wp-json\/wp\/v2\/tags?post=276795"},{"taxonomy":"wf_post_folders","embeddable":true,"href":"https:\/\/museros.org\/inici\/wp-json\/wp\/v2\/wf_post_folders?post=276795"}],"curies":[{"name":"wp","href":"https:\/\/api.w.org\/{rel}","templated":true}]}}