{"id":276758,"date":"2025-09-16T16:18:57","date_gmt":"2025-09-16T14:18:57","guid":{"rendered":"https:\/\/museros.org\/inici\/?p=276758"},"modified":"2025-09-16T16:18:57","modified_gmt":"2025-09-16T14:18:57","slug":"la-diputacio-de-valencia-i-lajuntament-de-museros-premien-lus-del-valencia-dherbasana-i-renaixer-esport","status":"publish","type":"post","link":"https:\/\/museros.org\/inici\/la-diputacio-de-valencia-i-lajuntament-de-museros-premien-lus-del-valencia-dherbasana-i-renaixer-esport\/","title":{"rendered":"La Diputaci\u00f3 de Val\u00e8ncia i l\u2019Ajuntament de Museros premien l\u2019\u00fas del valenci\u00e0 d\u2019Herbasana i Ren\u00e0ixer Esport"},"content":{"rendered":"<p>La Diputaci\u00f3 de Val\u00e8ncia, a trav\u00e9s de la Unitat de Normalitzaci\u00f3 Ling\u00fc\u00edstica, ha lliurat hui, dimarts 16 de setembre, els guardons als comer\u00e7os premiats en la campanya \u201c\u00das del valenci\u00e0 en el comer\u00e7 local\u201d. Una iniciativa en la qual participa l\u2019Ajuntament de Museros, juntament amb una trentena de municipis. Els comer\u00e7os de Museros que han rebut reconeixement a les seues iniciatives per fomentar la nostra llengua han sigut Herbasana i Ren\u00e0ixer Esport.<\/p>\n<p>A l\u2019acte, celebrat en el Palau de la Batlia, han assistit Cristina Civera, alcaldessa de Museros; Laura Brisa, regidora de Promoci\u00f3 Ling\u00fc\u00edstica; Rosa M. Palau, gerent d\u2019Herbasana; i Sara Torkamaneh, gerent de Ren\u00e9ixer Esport. En aquesta cerim\u00f2nia se\u2019ls ha entregat a les premiades una figura que simbolitza la uni\u00f3 del comer\u00e7 de proximitat i la llengua pr\u00f2pia. L\u2019entrega d\u2019aquest guard\u00f3 correspon a l\u2019edici\u00f3 de 2024, que es va posposar per la dana de l\u2019any passat.<\/p>\n<p>Aquest reconeixement consta de dues modalitats: el premi per l\u2019\u00fas del valenci\u00e0 en la retolaci\u00f3 i en el material impr\u00e9s, que va recaure en Herbasana, i el premi per l\u2019\u00fas del valenci\u00e0 aplicat a les noves tecnologies, atorgat a Ren\u00e0ixer Esport. Rosa M. Palau ha volgut destacar que als seus comer\u00e7os sempre atenen en valenci\u00e0 i s\u2019ha mostrat encantada i agra\u00efda pel guard\u00f3 rebut, aix\u00ed com del fet que molta gent aprofita per a practicar el valenci\u00e0 al seu establiment. Per la seua part, Sara Torkamaneh es mostra contenta de fomentar el valenci\u00e0 en l&#8217;\u00e0mbit local, personal i professional i agraeix el premi a la Diputaci\u00f3 de Val\u00e8ncia i a l\u2019Ajuntament de Museros.<\/p>\n<p>Cristina Civera, alcaldessa de Museros, ha destacat que \u201caquest tipus de reconeixement fan valdre l\u2019esfor\u00e7 de les nostres empreses locals per normalitzar l\u2019\u00fas del valenci\u00e0 en el seu dia a dia. \u00c9s un orgull que Museros estiga representat en aquesta iniciativa i que les nostres botigues siguen un exemple de comprom\u00eds amb la llengua i amb la nostra identitat\u201d.<\/p>\n<p>D\u2019altra banda, Laura Brisa, regidora de Promoci\u00f3 Ling\u00fc\u00edstica, ha assenyalat que \u201camb aquest premi es reconeix la tasca de dos establiments que han sabut integrar el valenci\u00e0 de manera natural en el seu funcionament diari. Des de l\u2019Ajuntament continuarem impulsant accions per a fer del valenci\u00e0 una llengua present i \u00fatil en tots els \u00e0mbits de la vida municipal\u201d.<\/p>\n<p>Els Premis a l\u2019\u00das del Valenci\u00e0 en el Comer\u00e7 Local de Museros, promoguts per la Regidoria de Cultura i Promoci\u00f3 Ling\u00fc\u00edstica de l\u2019Ajuntament de Museros, tenen com a objectiu valorar i guardonar l\u2019\u00fas de la llengua pr\u00f2pia als establiments comercials del nostre poble.<\/p>\n","protected":false},"excerpt":{"rendered":"<p>La Diputaci\u00f3 de Val\u00e8ncia, a trav\u00e9s de la Unitat de Normalitzaci\u00f3 Ling\u00fc\u00edstica, ha lliurat hui, dimarts 16 de setembre, els guardons als comer\u00e7os premiats en la campanya \u201c\u00das del valenci\u00e0 en el comer\u00e7 local\u201d. Una iniciativa en la qual participa l\u2019Ajuntament de Museros, juntament amb una trentena de municipis. Els comer\u00e7os de Museros que han [&hellip;]<\/p>\n","protected":false},"author":9,"featured_media":276756,"comment_status":"closed","ping_status":"closed","sticky":false,"template":"","format":"standard","meta":{"_et_pb_use_builder":"","_et_pb_old_content":"","_et_gb_content_width":"","footnotes":""},"categories":[1796,1743],"tags":[],"wf_post_folders":[264],"class_list":["post-276758","post","type-post","status-publish","format-standard","has-post-thumbnail","hentry","category-comerc","category-promocio-linguistica"],"_links":{"self":[{"href":"https:\/\/museros.org\/inici\/wp-json\/wp\/v2\/posts\/276758","targetHints":{"allow":["GET"]}}],"collection":[{"href":"https:\/\/museros.org\/inici\/wp-json\/wp\/v2\/posts"}],"about":[{"href":"https:\/\/museros.org\/inici\/wp-json\/wp\/v2\/types\/post"}],"author":[{"embeddable":true,"href":"https:\/\/museros.org\/inici\/wp-json\/wp\/v2\/users\/9"}],"replies":[{"embeddable":true,"href":"https:\/\/museros.org\/inici\/wp-json\/wp\/v2\/comments?post=276758"}],"version-history":[{"count":1,"href":"https:\/\/museros.org\/inici\/wp-json\/wp\/v2\/posts\/276758\/revisions"}],"predecessor-version":[{"id":276759,"href":"https:\/\/museros.org\/inici\/wp-json\/wp\/v2\/posts\/276758\/revisions\/276759"}],"wp:featuredmedia":[{"embeddable":true,"href":"https:\/\/museros.org\/inici\/wp-json\/wp\/v2\/media\/276756"}],"wp:attachment":[{"href":"https:\/\/museros.org\/inici\/wp-json\/wp\/v2\/media?parent=276758"}],"wp:term":[{"taxonomy":"category","embeddable":true,"href":"https:\/\/museros.org\/inici\/wp-json\/wp\/v2\/categories?post=276758"},{"taxonomy":"post_tag","embeddable":true,"href":"https:\/\/museros.org\/inici\/wp-json\/wp\/v2\/tags?post=276758"},{"taxonomy":"wf_post_folders","embeddable":true,"href":"https:\/\/museros.org\/inici\/wp-json\/wp\/v2\/wf_post_folders?post=276758"}],"curies":[{"name":"wp","href":"https:\/\/api.w.org\/{rel}","templated":true}]}}