{"id":276600,"date":"2025-08-19T15:46:50","date_gmt":"2025-08-19T13:46:50","guid":{"rendered":"https:\/\/museros.org\/inici\/?p=276600"},"modified":"2025-09-02T15:48:23","modified_gmt":"2025-09-02T13:48:23","slug":"exito-de-participacion-y-convivencia-en-las-fiestas-patronales","status":"publish","type":"post","link":"https:\/\/museros.org\/inici\/es\/exito-de-participacion-y-convivencia-en-las-fiestas-patronales\/","title":{"rendered":"\u00c9xito de participaci\u00f3n y convivencia en las fiestas patronales"},"content":{"rendered":"<p>Museros ha puesto punto final en unas fiestas patronales memorables, que han llenado las calles del pueblo de devoci\u00f3n, m\u00fasica, tradici\u00f3n y alegr\u00eda compartida durante m\u00e1s de tres semanas. Del 26 de julio al 18 de agosto, vecindario y visitantes han vivido con intensidad un programa lleno de actos culturales, religiosos, l\u00fadicos y taurinos que han reforzado los lazos entre generaciones y han proyectado el alma viva del municipio.<\/p>\n<p>Desde el simb\u00f3lico chupinazo hasta el tradicional \u201cPobre de m\u00ed\u201d, las fiestas han destacado por una participaci\u00f3n multitudinaria y c\u00edvica. La cabalgata de disfraces, las noches de orquesta, el cine a la fresca, las cenas populares de conejo con tomate y paellas, y los actos religiosos en honor a la Virgen de la Asunci\u00f3n, la Inmaculada Concepci\u00f3n y san Roc han sido solo algunos de los momentos m\u00e1s especiales.<\/p>\n<p>Los d\u00edas grandes han sido marcados por la emoci\u00f3n de las procesiones, las &#8216;mascletaes&#8217;, la m\u00fasica, y los festejos taurinos, con la destacada implicaci\u00f3n de las Filles de Maria, las Festeres de la Mare de D\u00e9u d\u2019Agost, los Festers de Sant Roc y la Comissi\u00f3 Taurina, que han puesto pasi\u00f3n y trabajo en cada uno de los actos.<\/p>\n<p>La alcaldesa de Museros y concejala de Fiestas, Cristina Civera, ha querido agradecer p\u00fablicamente \u201cla implicaci\u00f3n ejemplar del vecindario, entidades colaboradoras y el trabajo incansable de todo el personal implicado, desde la brigada municipal y personal de limpieza, hasta las comisiones y asociaciones, as\u00ed como las fuerzas de seguridad\u201d. Tambi\u00e9n ha destacado el buen funcionamiento de los Puntos Violeta, que han contribuido a unas fiestas respetuosas y seguras para todas y todos.<\/p>\n<p>Los festejos taurinos, la p\u00f3lvora y la m\u00fasica han sido protagonistas en una edici\u00f3n especialmente intensa, en que el pueblo ha demostrado su aprecio por las ra\u00edces, pero tambi\u00e9n su capacidad de evolucionar y abrirse al futuro con respeto y convivencia.<\/p>\n<p>Con el sentimiento de los deberes cumplidos y recuerdos imborrables, Museros se prepara para volver a la rutina con la satisfacci\u00f3n de haber celebrado unas fiestas que quedar\u00e1n en la memoria colectiva del municipio.<\/p>\n<p>\u00a1Viva Museros y vivan las fiestas patronales!<\/p>\n","protected":false},"excerpt":{"rendered":"<p>Museros ha puesto punto final en unas fiestas patronales memorables, que han llenado las calles del pueblo de devoci\u00f3n, m\u00fasica, tradici\u00f3n y alegr\u00eda compartida durante m\u00e1s de tres semanas. Del 26 de julio al 18 de agosto, vecindario y visitantes han vivido con intensidad un programa lleno de actos culturales, religiosos, l\u00fadicos y taurinos que [&hellip;]<\/p>\n","protected":false},"author":9,"featured_media":276597,"comment_status":"closed","ping_status":"closed","sticky":false,"template":"","format":"standard","meta":{"_et_pb_use_builder":"","_et_pb_old_content":"","_et_gb_content_width":"","footnotes":""},"categories":[1630],"tags":[],"wf_post_folders":[1234,1241],"class_list":["post-276600","post","type-post","status-publish","format-standard","has-post-thumbnail","hentry","category-fiestas"],"_links":{"self":[{"href":"https:\/\/museros.org\/inici\/wp-json\/wp\/v2\/posts\/276600","targetHints":{"allow":["GET"]}}],"collection":[{"href":"https:\/\/museros.org\/inici\/wp-json\/wp\/v2\/posts"}],"about":[{"href":"https:\/\/museros.org\/inici\/wp-json\/wp\/v2\/types\/post"}],"author":[{"embeddable":true,"href":"https:\/\/museros.org\/inici\/wp-json\/wp\/v2\/users\/9"}],"replies":[{"embeddable":true,"href":"https:\/\/museros.org\/inici\/wp-json\/wp\/v2\/comments?post=276600"}],"version-history":[{"count":1,"href":"https:\/\/museros.org\/inici\/wp-json\/wp\/v2\/posts\/276600\/revisions"}],"predecessor-version":[{"id":276601,"href":"https:\/\/museros.org\/inici\/wp-json\/wp\/v2\/posts\/276600\/revisions\/276601"}],"wp:featuredmedia":[{"embeddable":true,"href":"https:\/\/museros.org\/inici\/wp-json\/wp\/v2\/media\/276597"}],"wp:attachment":[{"href":"https:\/\/museros.org\/inici\/wp-json\/wp\/v2\/media?parent=276600"}],"wp:term":[{"taxonomy":"category","embeddable":true,"href":"https:\/\/museros.org\/inici\/wp-json\/wp\/v2\/categories?post=276600"},{"taxonomy":"post_tag","embeddable":true,"href":"https:\/\/museros.org\/inici\/wp-json\/wp\/v2\/tags?post=276600"},{"taxonomy":"wf_post_folders","embeddable":true,"href":"https:\/\/museros.org\/inici\/wp-json\/wp\/v2\/wf_post_folders?post=276600"}],"curies":[{"name":"wp","href":"https:\/\/api.w.org\/{rel}","templated":true}]}}