{"id":276596,"date":"2025-08-19T15:41:21","date_gmt":"2025-08-19T13:41:21","guid":{"rendered":"https:\/\/museros.org\/inici\/?p=276596"},"modified":"2025-09-02T15:46:46","modified_gmt":"2025-09-02T13:46:46","slug":"exit-de-participacio-i-convivencia-a-les-festes-patronals","status":"publish","type":"post","link":"https:\/\/museros.org\/inici\/exit-de-participacio-i-convivencia-a-les-festes-patronals\/","title":{"rendered":"\u00c8xit de participaci\u00f3 i conviv\u00e8ncia a les festes patronals"},"content":{"rendered":"<p>Museros ha posat punt final a unes festes patronals memorables, que han omplit els carrers del poble de devoci\u00f3, m\u00fasica, tradici\u00f3 i alegria compartida durant m\u00e9s de tres setmanes. Del 26 de juliol al 18 d\u2019agost, ve\u00efnat i visitants han viscut amb intensitat un programa ple d\u2019actes culturals, religiosos, l\u00fadics i taurins que han refor\u00e7at els lla\u00e7os entre generacions i han projectat l\u2019\u00e0nima viva del municipi.<\/p>\n<p>Des del simb\u00f2lic <em>txupinazo<\/em> fins al tradicional \u201cPobre de mi\u201d, les festes han destacat per una participaci\u00f3 multitudin\u00e0ria i c\u00edvica. La cavalcada de disfresses, les nits d\u2019orquestra, el cinema a la fresca, els sopars populars de conill amb tomaca i paelles, i els actes religiosos en honor a la Mare de D\u00e9u de l\u2019Assumpci\u00f3, la Immaculada Concepci\u00f3 i sant Roc han sigut nom\u00e9s alguns dels moments m\u00e9s especials.<\/p>\n<p>Els dies grans han estat marcats per l\u2019emoci\u00f3 de les processons, les mascletaes, la m\u00fasica, i els festejos taurins, amb la destacada implicaci\u00f3 de les Filles de Maria, les Festeres de la Mare de D\u00e9u d\u2019Agost, els Festers de Sant Roc i la Comissi\u00f3 Taurina, que han posat passi\u00f3 i treball en cadascun dels actes.<\/p>\n<p>L\u2019alcaldessa de Museros i regidora de Festes, Cristina Civera, ha volgut agrair p\u00fablicament \u201cla implicaci\u00f3 exemplar del ve\u00efnat, el suport de les entitats col\u00b7laboradores i el treball incansable de tot el personal implicat, des de la brigada municipal i personal de neteja fins a les comissions i associacions, aix\u00ed com les forces de seguretat\u201d. Tamb\u00e9 ha destacat el bon funcionament dels Punts Violeta, que han contribu\u00eft a unes festes respectuoses i segures per a totes i tots.<\/p>\n<p>Els festejos taurins, la p\u00f3lvora i la m\u00fasica han sigut protagonistes en una edici\u00f3 especialment intensa, en qu\u00e8 el poble ha demostrat la seua estima per les arrels, per\u00f2 tamb\u00e9 la seua capacitat d\u2019evolucionar i obrir-se al futur amb respecte i conviv\u00e8ncia.<\/p>\n<p>Amb el sentiment de deures fets i records inesborrables, Museros es prepara per a tornar a la rutina amb la satisfacci\u00f3 d\u2019haver celebrat unes festes que quedaran en la mem\u00f2ria col\u00b7lectiva del municipi.<\/p>\n<p>Visca Museros i visquen les festes patronals!<\/p>\n","protected":false},"excerpt":{"rendered":"<p>Museros ha posat punt final a unes festes patronals memorables, que han omplit els carrers del poble de devoci\u00f3, m\u00fasica, tradici\u00f3 i alegria compartida durant m\u00e9s de tres setmanes. Del 26 de juliol al 18 d\u2019agost, ve\u00efnat i visitants han viscut amb intensitat un programa ple d\u2019actes culturals, religiosos, l\u00fadics i taurins que han refor\u00e7at [&hellip;]<\/p>\n","protected":false},"author":9,"featured_media":276597,"comment_status":"closed","ping_status":"closed","sticky":false,"template":"","format":"standard","meta":{"_et_pb_use_builder":"","_et_pb_old_content":"","_et_gb_content_width":"","footnotes":""},"categories":[1628],"tags":[],"wf_post_folders":[1234,1241],"class_list":["post-276596","post","type-post","status-publish","format-standard","has-post-thumbnail","hentry","category-festes"],"_links":{"self":[{"href":"https:\/\/museros.org\/inici\/wp-json\/wp\/v2\/posts\/276596","targetHints":{"allow":["GET"]}}],"collection":[{"href":"https:\/\/museros.org\/inici\/wp-json\/wp\/v2\/posts"}],"about":[{"href":"https:\/\/museros.org\/inici\/wp-json\/wp\/v2\/types\/post"}],"author":[{"embeddable":true,"href":"https:\/\/museros.org\/inici\/wp-json\/wp\/v2\/users\/9"}],"replies":[{"embeddable":true,"href":"https:\/\/museros.org\/inici\/wp-json\/wp\/v2\/comments?post=276596"}],"version-history":[{"count":2,"href":"https:\/\/museros.org\/inici\/wp-json\/wp\/v2\/posts\/276596\/revisions"}],"predecessor-version":[{"id":276599,"href":"https:\/\/museros.org\/inici\/wp-json\/wp\/v2\/posts\/276596\/revisions\/276599"}],"wp:featuredmedia":[{"embeddable":true,"href":"https:\/\/museros.org\/inici\/wp-json\/wp\/v2\/media\/276597"}],"wp:attachment":[{"href":"https:\/\/museros.org\/inici\/wp-json\/wp\/v2\/media?parent=276596"}],"wp:term":[{"taxonomy":"category","embeddable":true,"href":"https:\/\/museros.org\/inici\/wp-json\/wp\/v2\/categories?post=276596"},{"taxonomy":"post_tag","embeddable":true,"href":"https:\/\/museros.org\/inici\/wp-json\/wp\/v2\/tags?post=276596"},{"taxonomy":"wf_post_folders","embeddable":true,"href":"https:\/\/museros.org\/inici\/wp-json\/wp\/v2\/wf_post_folders?post=276596"}],"curies":[{"name":"wp","href":"https:\/\/api.w.org\/{rel}","templated":true}]}}