{"id":276337,"date":"2025-07-21T12:30:36","date_gmt":"2025-07-21T12:30:36","guid":{"rendered":"https:\/\/museros.org\/inici\/?p=276337"},"modified":"2025-07-21T12:30:36","modified_gmt":"2025-07-21T12:30:36","slug":"los-mayores-recaudan-500-e-contra-el-cancer","status":"publish","type":"post","link":"https:\/\/museros.org\/inici\/es\/los-mayores-recaudan-500-e-contra-el-cancer\/","title":{"rendered":"Los mayores recaudan 500 \u20ac contra el c\u00e1ncer"},"content":{"rendered":"<p>Los mayores de Museros tambi\u00e9n han disfrutado este mes de su propia escuela de verano, una iniciativa impulsada por la Concejal\u00eda de Mayores del Ayuntamiento de Museros, que ha combinado ocio, creatividad y solidaridad. Durante las actividades, una veintena de personas han participado en talleres de manualidades, como pintar abanicos y decorar bolsas de tela, con el objetivo de recaudar fondos para la lucha contra el c\u00e1ncer.<br \/>\nLos trabajos hechos han sido puestos a la venta, y los beneficios \u2014unos 500 euros\u2014 se destinar\u00e1n \u00edntegramente a la Asociaci\u00f3n Espa\u00f1ola contra el C\u00e1ncer (AECC), a trav\u00e9s de la delegaci\u00f3n local. Este dinero contribuir\u00e1 a financiar proyectos de investigaci\u00f3n oncol\u00f3gica, apoyar a pacientes y familiares, y promover la prevenci\u00f3n y la detecci\u00f3n temprana de la enfermedad.<br \/>\nJuan Jos\u00e9 Carri\u00f3n, concejal de Mayores, ha destacado \u201cla gran implicaci\u00f3n de los participantes, que han demostrado que nunca es tarde para aportar y contribuir a una causa tan importante como la lucha contra el c\u00e1ncer. Esta escuela de verano ha sido un espacio de entretenimiento, convivencia y solidaridad\u201d.<br \/>\nPor su parte, la alcaldesa de Museros, Cristina Civera, ha valorado positivamente \u201cel compromiso social de las personas mayores de nuestro pueblo, que no solo participan activamente en la vida comunitaria, sino que tambi\u00e9n se convierten en motor de valores como la generosidad, la colaboraci\u00f3n y la empat\u00eda\u201d.<br \/>\nEl Ayuntamiento de Museros reafirma as\u00ed su apuesta por ofrecer actividades significativas en todas las franjas de edad, promoviendo un envejecimiento activo y reforzando los lazos sociales dentro de la comunidad.<\/p>\n","protected":false},"excerpt":{"rendered":"<p>Los mayores de Museros tambi\u00e9n han disfrutado este mes de su propia escuela de verano, una iniciativa impulsada por la Concejal\u00eda de Mayores del Ayuntamiento de Museros, que ha combinado ocio, creatividad y solidaridad. Durante las actividades, una veintena de personas han participado en talleres de manualidades, como pintar abanicos y decorar bolsas de tela, [&hellip;]<\/p>\n","protected":false},"author":9,"featured_media":276333,"comment_status":"closed","ping_status":"closed","sticky":false,"template":"","format":"standard","meta":{"_et_pb_use_builder":"","_et_pb_old_content":"","_et_gb_content_width":"","footnotes":""},"categories":[1144],"tags":[],"wf_post_folders":[1130],"class_list":["post-276337","post","type-post","status-publish","format-standard","has-post-thumbnail","hentry","category-mayores"],"_links":{"self":[{"href":"https:\/\/museros.org\/inici\/wp-json\/wp\/v2\/posts\/276337","targetHints":{"allow":["GET"]}}],"collection":[{"href":"https:\/\/museros.org\/inici\/wp-json\/wp\/v2\/posts"}],"about":[{"href":"https:\/\/museros.org\/inici\/wp-json\/wp\/v2\/types\/post"}],"author":[{"embeddable":true,"href":"https:\/\/museros.org\/inici\/wp-json\/wp\/v2\/users\/9"}],"replies":[{"embeddable":true,"href":"https:\/\/museros.org\/inici\/wp-json\/wp\/v2\/comments?post=276337"}],"version-history":[{"count":1,"href":"https:\/\/museros.org\/inici\/wp-json\/wp\/v2\/posts\/276337\/revisions"}],"predecessor-version":[{"id":276338,"href":"https:\/\/museros.org\/inici\/wp-json\/wp\/v2\/posts\/276337\/revisions\/276338"}],"wp:featuredmedia":[{"embeddable":true,"href":"https:\/\/museros.org\/inici\/wp-json\/wp\/v2\/media\/276333"}],"wp:attachment":[{"href":"https:\/\/museros.org\/inici\/wp-json\/wp\/v2\/media?parent=276337"}],"wp:term":[{"taxonomy":"category","embeddable":true,"href":"https:\/\/museros.org\/inici\/wp-json\/wp\/v2\/categories?post=276337"},{"taxonomy":"post_tag","embeddable":true,"href":"https:\/\/museros.org\/inici\/wp-json\/wp\/v2\/tags?post=276337"},{"taxonomy":"wf_post_folders","embeddable":true,"href":"https:\/\/museros.org\/inici\/wp-json\/wp\/v2\/wf_post_folders?post=276337"}],"curies":[{"name":"wp","href":"https:\/\/api.w.org\/{rel}","templated":true}]}}