{"id":276335,"date":"2025-07-21T12:29:44","date_gmt":"2025-07-21T12:29:44","guid":{"rendered":"https:\/\/museros.org\/inici\/?p=276335"},"modified":"2025-07-21T12:29:49","modified_gmt":"2025-07-21T12:29:49","slug":"els-majors-recapten-500-e-contra-el-cancer","status":"publish","type":"post","link":"https:\/\/museros.org\/inici\/els-majors-recapten-500-e-contra-el-cancer\/","title":{"rendered":"Els majors recapten 500 \u20ac contra el c\u00e0ncer"},"content":{"rendered":"<p>Els majors de Museros tamb\u00e9 han gaudit aquest mes de la seua pr\u00f2pia escola d\u2019estiu, una iniciativa impulsada per la Regidoria de Majors de l\u2019Ajuntament de Museros que ha combinat oci, creativitat i solidaritat. Durant les activitats, una vintena de persones han participat en tallers de manualitats, com pintar ventalls i decorar bosses de tela, amb l\u2019objectiu de recaptar fons per a la lluita contra el c\u00e0ncer.<br \/>\nEls treballs fets han estat posats a la venda, i els beneficis \u2014uns 500 euros\u2014 es destinaran \u00edntegrament a l\u2019Associaci\u00f3 Espanyola contra el C\u00e0ncer (AECC), a trav\u00e9s de la delegaci\u00f3 local. Aquests diners contribuiran a finan\u00e7ar projectes d\u2019investigaci\u00f3 oncol\u00f2gica, a donar suport a pacients i familiars, i a promoure la prevenci\u00f3 i la detecci\u00f3 preco\u00e7 de la malaltia.<br \/>\nJuan Jos\u00e9 Carri\u00f3n, regidor de Majors, ha destacat \u201cla gran implicaci\u00f3 dels participants, que han demostrat que mai \u00e9s tard per a aportar i contribuir a una causa tan important com la lluita contra el c\u00e0ncer. Aquesta escola d\u2019estiu ha sigut un espai d\u2019entreteniment, conviv\u00e8ncia i solidaritat\u201d.<br \/>\nD\u2019altra banda, l\u2019alcaldessa de Museros, Cristina Civera, ha valorat positivament \u201cel comprom\u00eds social de les persones majors del nostre poble, que no nom\u00e9s participen activament en la vida comunit\u00e0ria, sin\u00f3 que tamb\u00e9 es converteixen en motor de valors com la generositat, la col\u00b7laboraci\u00f3 i l\u2019empatia\u201d.<br \/>\nL\u2019Ajuntament de Museros reafirma aix\u00ed la seua aposta per oferir activitats significatives a totes les franges d\u2019edat, promovent un envelliment actiu i refor\u00e7ant els lla\u00e7os socials dins de la comunitat.<\/p>\n","protected":false},"excerpt":{"rendered":"<p>Els majors de Museros tamb\u00e9 han gaudit aquest mes de la seua pr\u00f2pia escola d\u2019estiu, una iniciativa impulsada per la Regidoria de Majors de l\u2019Ajuntament de Museros que ha combinat oci, creativitat i solidaritat. Durant les activitats, una vintena de persones han participat en tallers de manualitats, com pintar ventalls i decorar bosses de tela, [&hellip;]<\/p>\n","protected":false},"author":9,"featured_media":276333,"comment_status":"closed","ping_status":"closed","sticky":false,"template":"","format":"standard","meta":{"_et_pb_use_builder":"","_et_pb_old_content":"","_et_gb_content_width":"","footnotes":""},"categories":[1142],"tags":[],"wf_post_folders":[1130],"class_list":["post-276335","post","type-post","status-publish","format-standard","has-post-thumbnail","hentry","category-majors"],"_links":{"self":[{"href":"https:\/\/museros.org\/inici\/wp-json\/wp\/v2\/posts\/276335","targetHints":{"allow":["GET"]}}],"collection":[{"href":"https:\/\/museros.org\/inici\/wp-json\/wp\/v2\/posts"}],"about":[{"href":"https:\/\/museros.org\/inici\/wp-json\/wp\/v2\/types\/post"}],"author":[{"embeddable":true,"href":"https:\/\/museros.org\/inici\/wp-json\/wp\/v2\/users\/9"}],"replies":[{"embeddable":true,"href":"https:\/\/museros.org\/inici\/wp-json\/wp\/v2\/comments?post=276335"}],"version-history":[{"count":1,"href":"https:\/\/museros.org\/inici\/wp-json\/wp\/v2\/posts\/276335\/revisions"}],"predecessor-version":[{"id":276336,"href":"https:\/\/museros.org\/inici\/wp-json\/wp\/v2\/posts\/276335\/revisions\/276336"}],"wp:featuredmedia":[{"embeddable":true,"href":"https:\/\/museros.org\/inici\/wp-json\/wp\/v2\/media\/276333"}],"wp:attachment":[{"href":"https:\/\/museros.org\/inici\/wp-json\/wp\/v2\/media?parent=276335"}],"wp:term":[{"taxonomy":"category","embeddable":true,"href":"https:\/\/museros.org\/inici\/wp-json\/wp\/v2\/categories?post=276335"},{"taxonomy":"post_tag","embeddable":true,"href":"https:\/\/museros.org\/inici\/wp-json\/wp\/v2\/tags?post=276335"},{"taxonomy":"wf_post_folders","embeddable":true,"href":"https:\/\/museros.org\/inici\/wp-json\/wp\/v2\/wf_post_folders?post=276335"}],"curies":[{"name":"wp","href":"https:\/\/api.w.org\/{rel}","templated":true}]}}