{"id":276228,"date":"2025-07-15T13:24:29","date_gmt":"2025-07-15T13:24:29","guid":{"rendered":"https:\/\/museros.org\/inici\/?p=276228"},"modified":"2025-07-15T13:24:34","modified_gmt":"2025-07-15T13:24:34","slug":"mas-de-un-millar-de-personas-en-juliol-musical","status":"publish","type":"post","link":"https:\/\/museros.org\/inici\/es\/mas-de-un-millar-de-personas-en-juliol-musical\/","title":{"rendered":"M\u00e1s de un millar de personas en Juliol Musical"},"content":{"rendered":"<p>El Ayuntamiento Museros ha celebrado su ciclo de espect\u00e1culos de verano Juliol Musical con muy buena aceptaci\u00f3n del vecindario y p\u00fablico asistente. M\u00e1s de un millar de personas han sido testigo de las seis actuaciones que han llenado de m\u00fasica, cultura y tradici\u00f3n la poblaci\u00f3n. Con actos para todos los p\u00fablicos, desde los m\u00e1s peque\u00f1os a gente joven y grande, los artistas locales de renombre han sido los grandes protagonistas, aunque tambi\u00e9n ha habido lugar para grandes m\u00fasicos y cantantes for\u00e1neos.<\/p>\n<p>En esta quinta edici\u00f3n, por primera vez ha participado la asociaci\u00f3n La Huitena de Museros, quien abri\u00f3 el ciclo musical con su concierto de tabal y <em>dol\u00e7aina<\/em>. La segunda actuaci\u00f3n fue protagonizada por la Asociaci\u00f3n Musical de Bombardinos Vicent Costa que cumpl\u00eda 10 a\u00f1os encabezada por el muserenc Juan Jos\u00e9 Munera Balaguer, m\u00fasico local de prestigio internacional. El acto denominado <em>Creuant fronteres<\/em> cont\u00f3 con la participaci\u00f3n especial de la cantante de jazz Eva Romero. El tercer espect\u00e1culo fue dirigido a p\u00fablico infantil, con la actuaci\u00f3n de Dani Miquel y los\u00a0MaMeMiMoM\u00fasics. En cuarto lugar, tuvo lugar el concierto <em>4Pop<\/em>, del Cuarteto de Cuerda Valencia, donde los grandes \u00e9xitos del pop se fusionaron con la elegancia del cuarteto de cuerda.<\/p>\n<p>El concierto <em>La Zarzuela<\/em>, de la Banda Sinf\u00f3nica de Museros y la magn\u00edfica soprano Tania Dur\u00e1n-Gil, fueron el pen\u00faltimo espect\u00e1culo de Juliol Musical. A pesar de que el espect\u00e1culo se traslad\u00f3 a la Casa Cultura por la alerta meteorol\u00f3gica, fue la actuaci\u00f3n con mayor afluencia de p\u00fablico. Ni la cantante ni los m\u00fasicos defraudaron y ofrecieron una gran velada musical.<\/p>\n<p>El cierre del ciclo Julio Musical fue a cargo de Turab Ensemble, y su concierto de m\u00fasica de c\u00e1mara <em>Un passeig per Am\u00e8rica<\/em>. Un recorrido por la m\u00fasica del continente americano de norte a sur a trav\u00e9s de obras originales y transcripciones para quinteto de viento y piano, que no dej\u00f3 indiferente a nadie. Entre los integrantes de esta formaci\u00f3n, tambi\u00e9n se encuentra una vecina de Museros, Diana Mart\u00ed.<\/p>\n<p>En esta edici\u00f3n, adem\u00e1s se dise\u00f1aron y repartieron entre la poblaci\u00f3n unos abanicos de cart\u00f3n con la programaci\u00f3n completa de Juliol Musical, para aliviar las altas temperaturas y acercar estos espect\u00e1culos a todo el p\u00fablico. La mayor parte de las actuaciones tambi\u00e9n tuvieron lugar en la Casa de Cultura, para as\u00ed evitar las altas temperaturas de este mes.<\/p>\n<p>\u201cCada a\u00f1o nos esforzamos para ofrecer una programaci\u00f3n diversa, inclusiva y de calidad, pensada para todos los p\u00fablicos. Esta edici\u00f3n de Juliol Musical ha sido muy especial por el protagonismo de nuestros artistas locales, que han llenado los escenarios de talento y emoci\u00f3n. El apoyo del p\u00fablico nos alienta a continuar apostando por la cultura como herramienta de cohesi\u00f3n y dinamizaci\u00f3n social\u201d, ha explicado Laura Brisa, concejala de Cultura del Ayuntamiento de Museros. Por su parte, Cristina Civera, alcaldesa de Museros, ha destacado que Juliol Musical \u201ces un claro ejemplo de como la cultura puede transformar el verano en una oportunidad para compartir, crecer y sentirnos orgullosos de nuestro pueblo\u201d. Adem\u00e1s Civera, ha querido agradecer el trabajo de todas las personas y colectivos implicados, as\u00ed como la gran respuesta del vecindario, \u201cque demuestra, una vez m\u00e1s, que Museros aprecia y vive intensamente la cultura\u201d.<\/p>\n<p><img loading=\"lazy\" decoding=\"async\" class=\"alignnone size-full wp-image-276212\" src=\"https:\/\/museros.org\/wp-content\/uploads\/2025\/07\/La-Huitena-1.jpg\" alt=\"\" width=\"1440\" height=\"1080\" \/><img loading=\"lazy\" decoding=\"async\" class=\"alignnone size-full wp-image-276216\" src=\"https:\/\/museros.org\/wp-content\/uploads\/2025\/07\/bombardinos25.jpeg\" alt=\"\" width=\"1600\" height=\"1200\" \/><img loading=\"lazy\" decoding=\"async\" class=\"alignnone size-full wp-image-276214\" src=\"https:\/\/museros.org\/wp-content\/uploads\/2025\/07\/dani-miquel25.jpg\" alt=\"\" width=\"1440\" height=\"1080\" \/><img loading=\"lazy\" decoding=\"async\" class=\"alignnone size-full wp-image-276219\" src=\"https:\/\/museros.org\/wp-content\/uploads\/2025\/07\/Cuarteto-Cuerda-Valencia-2.jpg\" alt=\"\" width=\"1440\" height=\"1080\" \/> <img loading=\"lazy\" decoding=\"async\" class=\"alignnone size-full wp-image-276222\" src=\"https:\/\/museros.org\/wp-content\/uploads\/2025\/07\/summjuliol2025.jpg\" alt=\"\" width=\"1205\" height=\"907\" \/> <img loading=\"lazy\" decoding=\"async\" class=\"alignnone size-full wp-image-276225\" src=\"https:\/\/museros.org\/wp-content\/uploads\/2025\/07\/Turab-Ensemble0125.jpg\" alt=\"\" width=\"1440\" height=\"1080\" \/><\/p>\n","protected":false},"excerpt":{"rendered":"<p>El Ayuntamiento Museros ha celebrado su ciclo de espect\u00e1culos de verano Juliol Musical con muy buena aceptaci\u00f3n del vecindario y p\u00fablico asistente. M\u00e1s de un millar de personas han sido testigo de las seis actuaciones que han llenado de m\u00fasica, cultura y tradici\u00f3n la poblaci\u00f3n. Con actos para todos los p\u00fablicos, desde los m\u00e1s peque\u00f1os [&hellip;]<\/p>\n","protected":false},"author":9,"featured_media":276209,"comment_status":"closed","ping_status":"closed","sticky":false,"template":"","format":"standard","meta":{"_et_pb_use_builder":"","_et_pb_old_content":"","_et_gb_content_width":"","footnotes":""},"categories":[1283],"tags":[],"wf_post_folders":[1285,1240],"class_list":["post-276228","post","type-post","status-publish","format-standard","has-post-thumbnail","hentry","category-cultura"],"_links":{"self":[{"href":"https:\/\/museros.org\/inici\/wp-json\/wp\/v2\/posts\/276228","targetHints":{"allow":["GET"]}}],"collection":[{"href":"https:\/\/museros.org\/inici\/wp-json\/wp\/v2\/posts"}],"about":[{"href":"https:\/\/museros.org\/inici\/wp-json\/wp\/v2\/types\/post"}],"author":[{"embeddable":true,"href":"https:\/\/museros.org\/inici\/wp-json\/wp\/v2\/users\/9"}],"replies":[{"embeddable":true,"href":"https:\/\/museros.org\/inici\/wp-json\/wp\/v2\/comments?post=276228"}],"version-history":[{"count":1,"href":"https:\/\/museros.org\/inici\/wp-json\/wp\/v2\/posts\/276228\/revisions"}],"predecessor-version":[{"id":276229,"href":"https:\/\/museros.org\/inici\/wp-json\/wp\/v2\/posts\/276228\/revisions\/276229"}],"wp:featuredmedia":[{"embeddable":true,"href":"https:\/\/museros.org\/inici\/wp-json\/wp\/v2\/media\/276209"}],"wp:attachment":[{"href":"https:\/\/museros.org\/inici\/wp-json\/wp\/v2\/media?parent=276228"}],"wp:term":[{"taxonomy":"category","embeddable":true,"href":"https:\/\/museros.org\/inici\/wp-json\/wp\/v2\/categories?post=276228"},{"taxonomy":"post_tag","embeddable":true,"href":"https:\/\/museros.org\/inici\/wp-json\/wp\/v2\/tags?post=276228"},{"taxonomy":"wf_post_folders","embeddable":true,"href":"https:\/\/museros.org\/inici\/wp-json\/wp\/v2\/wf_post_folders?post=276228"}],"curies":[{"name":"wp","href":"https:\/\/api.w.org\/{rel}","templated":true}]}}