{"id":276211,"date":"2025-07-15T13:23:03","date_gmt":"2025-07-15T13:23:03","guid":{"rendered":"https:\/\/museros.org\/inici\/?p=276211"},"modified":"2025-07-15T13:23:08","modified_gmt":"2025-07-15T13:23:08","slug":"mes-dun-millar-de-persones-en-juliol-musical","status":"publish","type":"post","link":"https:\/\/museros.org\/inici\/mes-dun-millar-de-persones-en-juliol-musical\/","title":{"rendered":"M\u00e9s d\u2019un millar de persones en Juliol Musical"},"content":{"rendered":"<p>Museros ha celebrat el seu cicle d\u2019espectacles d\u2019estiu, Juliol Musical, amb molt bona acceptaci\u00f3 del ve\u00efnat i p\u00fablic assistent. M\u00e9s d\u2019un millar de persones han sigut testimoni de les sis actuacions que han omplit de m\u00fasica, cultura i tradici\u00f3 la poblaci\u00f3. Amb actes per a tots els p\u00fablics, des dels m\u00e9s menuts a gent jove i gran, els artistes locals de renom han sigut els grans protagonistes, encara que tamb\u00e9 hi ha hagut lloc per a grans m\u00fasics i cantants forans.<\/p>\n<p>En aquesta cinquena edici\u00f3, per primera vegada ha participat l\u2019associaci\u00f3 La Huitena de Museros, que va obrir el cicle musical amb el seu concert de tabal i dol\u00e7aina. La segona actuaci\u00f3 fou protagonitzada per l\u2019Associaci\u00f3 Musical de Bombardins Vicent Costa, que complia 10 anys encap\u00e7alada pel muserenc Juan Jos\u00e9 Munera Balaguer, m\u00fasic local de prestigi internacional. L\u2019acte anomenat <em>Creuant fronteres<\/em> compt\u00e0 amb la participaci\u00f3 especial de la cantant de jazz Eva Romero. El tercer espectacle fou dirigit a p\u00fablic infantil, amb l\u2019actuaci\u00f3 de Dani Miquel i els MaMeMiMoM\u00fasics. En quart lloc, tingu\u00e9 lloc el concert <em>4Pop<\/em> de Cuarteto de Cuerda Valencia, en el qual els grans \u00e8xits del pop es fusionaren amb l\u2019eleg\u00e0ncia del quartet de corda.<\/p>\n<p>El concert <em>La Zarzuela<\/em>, de la Banda Simf\u00f2nica de Museros i la magn\u00edfica soprano Tania Dur\u00e1n-Gil, foren el pen\u00faltim espectacle de Juliol Musical. Malgrat que s\u2019hagu\u00e9 de traslladar a la Casa de Cultura per l\u2019alerta meteorol\u00f2gica, fou l\u2019actuaci\u00f3 amb major aflu\u00e8ncia de p\u00fablic. Ni la cantant ni els m\u00fasics defraudaren i oferiren una gran vetlada musical.<\/p>\n<p>La cloenda del cicle Juliol Musical fou a c\u00e0rrec de Turab Ensemble i el seu concert de m\u00fasica de cambra <em>Un passeig per Am\u00e8rica<\/em>. Un recorregut de nord a sud per la m\u00fasica del continent americ\u00e0 a trav\u00e9s d&#8217;obres originals i transcripcions per a quintet de vent i piano que no va deixar indiferent a ning\u00fa. Entre els integrants d\u2019aquesta formaci\u00f3 tamb\u00e9 es troba una ve\u00efna de Museros: Diana Mart\u00ed.<\/p>\n<p>En aquesta edici\u00f3, a m\u00e9s, es dissenyaren i repartiren entre la poblaci\u00f3 uns ventalls de cart\u00f3 amb la programaci\u00f3 completa de Juliol Musical, per tal d\u2019alleujar les altes temperatures i apropar aquests espectacles a tot el p\u00fablic. La major part de les actuacions tamb\u00e9 tingueren lloc a la Casa de Cultura, per a aix\u00ed evitar les altes temperatures d\u2019aquest mes.<\/p>\n<p>\u201cCada any ens esforcem per oferir una programaci\u00f3 diversa, inclusiva i de qualitat, pensada per a tots els p\u00fablics. Aquesta edici\u00f3 del Juliol Musical ha sigut molt especial pel protagonisme dels nostres artistes locals, que han omplit els escenaris de talent i emoci\u00f3. El suport del p\u00fablic ens encoratja a continuar apostant per la cultura com a eina de cohesi\u00f3 i dinamitzaci\u00f3 social\u201d, ha explicat Laura Brisa, regidora de Cultura de l\u2019Ajuntament de Museros. D\u2019altra banda, Cristina Civera, alcaldessa de Museros, ha destacat que Juliol Musical \u201c\u00e9s un clar exemple de com la cultura pot transformar l\u2019estiu en una oportunitat per a compartir, cr\u00e9ixer i sentir-nos orgullosos del nostre poble\u201d. A m\u00e9s, Civera ha volgut agrair el treball de totes les persones i col\u00b7lectius implicats, aix\u00ed com la gran resposta del ve\u00efnat \u201cque demostra, una vegada m\u00e9s, que Museros estima i viu intensament la cultura\u201d.<\/p>\n<p><img loading=\"lazy\" decoding=\"async\" class=\"alignnone size-full wp-image-276212\" src=\"https:\/\/museros.org\/wp-content\/uploads\/2025\/07\/La-Huitena-1.jpg\" alt=\"\" width=\"1440\" height=\"1080\" \/><img loading=\"lazy\" decoding=\"async\" class=\"alignnone size-full wp-image-276216\" src=\"https:\/\/museros.org\/wp-content\/uploads\/2025\/07\/bombardinos25.jpeg\" alt=\"\" width=\"1600\" height=\"1200\" \/><img loading=\"lazy\" decoding=\"async\" class=\"alignnone size-full wp-image-276214\" src=\"https:\/\/museros.org\/wp-content\/uploads\/2025\/07\/dani-miquel25.jpg\" alt=\"\" width=\"1440\" height=\"1080\" \/><img loading=\"lazy\" decoding=\"async\" class=\"alignnone size-full wp-image-276219\" src=\"https:\/\/museros.org\/wp-content\/uploads\/2025\/07\/Cuarteto-Cuerda-Valencia-2.jpg\" alt=\"\" width=\"1440\" height=\"1080\" \/> <img loading=\"lazy\" decoding=\"async\" class=\"alignnone size-full wp-image-276222\" src=\"https:\/\/museros.org\/wp-content\/uploads\/2025\/07\/summjuliol2025.jpg\" alt=\"\" width=\"1205\" height=\"907\" \/> <img loading=\"lazy\" decoding=\"async\" class=\"alignnone size-full wp-image-276225\" src=\"https:\/\/museros.org\/wp-content\/uploads\/2025\/07\/Turab-Ensemble0125.jpg\" alt=\"\" width=\"1440\" height=\"1080\" \/><\/p>\n","protected":false},"excerpt":{"rendered":"<p>Museros ha celebrat el seu cicle d\u2019espectacles d\u2019estiu, Juliol Musical, amb molt bona acceptaci\u00f3 del ve\u00efnat i p\u00fablic assistent. M\u00e9s d\u2019un millar de persones han sigut testimoni de les sis actuacions que han omplit de m\u00fasica, cultura i tradici\u00f3 la poblaci\u00f3. Amb actes per a tots els p\u00fablics, des dels m\u00e9s menuts a gent jove [&hellip;]<\/p>\n","protected":false},"author":9,"featured_media":276209,"comment_status":"closed","ping_status":"closed","sticky":false,"template":"","format":"standard","meta":{"_et_pb_use_builder":"","_et_pb_old_content":"","_et_gb_content_width":"","footnotes":""},"categories":[1262],"tags":[],"wf_post_folders":[1285,1240],"class_list":["post-276211","post","type-post","status-publish","format-standard","has-post-thumbnail","hentry","category-cultura-va"],"_links":{"self":[{"href":"https:\/\/museros.org\/inici\/wp-json\/wp\/v2\/posts\/276211","targetHints":{"allow":["GET"]}}],"collection":[{"href":"https:\/\/museros.org\/inici\/wp-json\/wp\/v2\/posts"}],"about":[{"href":"https:\/\/museros.org\/inici\/wp-json\/wp\/v2\/types\/post"}],"author":[{"embeddable":true,"href":"https:\/\/museros.org\/inici\/wp-json\/wp\/v2\/users\/9"}],"replies":[{"embeddable":true,"href":"https:\/\/museros.org\/inici\/wp-json\/wp\/v2\/comments?post=276211"}],"version-history":[{"count":1,"href":"https:\/\/museros.org\/inici\/wp-json\/wp\/v2\/posts\/276211\/revisions"}],"predecessor-version":[{"id":276227,"href":"https:\/\/museros.org\/inici\/wp-json\/wp\/v2\/posts\/276211\/revisions\/276227"}],"wp:featuredmedia":[{"embeddable":true,"href":"https:\/\/museros.org\/inici\/wp-json\/wp\/v2\/media\/276209"}],"wp:attachment":[{"href":"https:\/\/museros.org\/inici\/wp-json\/wp\/v2\/media?parent=276211"}],"wp:term":[{"taxonomy":"category","embeddable":true,"href":"https:\/\/museros.org\/inici\/wp-json\/wp\/v2\/categories?post=276211"},{"taxonomy":"post_tag","embeddable":true,"href":"https:\/\/museros.org\/inici\/wp-json\/wp\/v2\/tags?post=276211"},{"taxonomy":"wf_post_folders","embeddable":true,"href":"https:\/\/museros.org\/inici\/wp-json\/wp\/v2\/wf_post_folders?post=276211"}],"curies":[{"name":"wp","href":"https:\/\/api.w.org\/{rel}","templated":true}]}}