{"id":276157,"date":"2025-07-14T13:20:37","date_gmt":"2025-07-14T13:20:37","guid":{"rendered":"https:\/\/museros.org\/inici\/?p=276157"},"modified":"2025-07-14T14:26:25","modified_gmt":"2025-07-14T14:26:25","slug":"reasfaltatge-de-quatre-carrers-del-municipi","status":"publish","type":"post","link":"https:\/\/museros.org\/inici\/reasfaltatge-de-quatre-carrers-del-municipi\/","title":{"rendered":"Reasfaltatge de quatre carrers del municipi"},"content":{"rendered":"<p>L&#8217;Ajuntament de Museros ha concl\u00f2s els treballs de reasfaltatge i renovaci\u00f3 de la pintura vi\u00e0ria de quatre carrers del nucli urb\u00e0, millorant aix\u00ed la seguretat i l&#8217;estat de la via p\u00fablica. L&#8217;actuaci\u00f3 ha suposat una inversi\u00f3 de 48.400 euros a trav\u00e9s de recursos propis. Aquesta obra s&#8217;emmarca dins d&#8217;un pla de manteniment i millora de l&#8217;espai p\u00fablic en el qual s&#8217;anir\u00e0 actuant gradualment en diferents punts del municipi que requerisquen intervenci\u00f3 i millores.<\/p>\n<p>Els carrers inclosos en aquesta primera intervenci\u00f3 han sigut: avinguda del Pa\u00eds\u00a0Valenci\u00e0, en el tram compr\u00e9s entre carrer\u00a0Sant\u00a0Vicent i el pas a nivell;\u00a0carrer\u00a0Palleter, entre carrer\u00a0Nou\u00a0i Estatut; carrer Via, i carrer\u00a0Nou, des del carrer\u00a0Metge\u00a0En Josep.<\/p>\n<p>Els treballs s&#8217;han dut a terme de manera escalonada, cosa que ha perm\u00e9s la reobertura progressiva dels vials a mesura que es finalitzaven les tasques d&#8217;asfaltatge. Tamb\u00e9 s&#8217;ha renovat la pintura vi\u00e0ria d&#8217;eixos punts.<\/p>\n<p>Cristina Civera, alcaldessa de Museros, ha subratllat la import\u00e0ncia d&#8217;aquestes obres: \u201ccontinuem millorant l&#8217;estat dels nostres carrers amb accions concretes i progressives en diferents vials. Aquesta actuaci\u00f3 forma part del nostre comprom\u00eds amb un Museros m\u00e9s accessible i segur per a totes i tots.\u201d<\/p>\n<p>D\u2019altra banda, Vicente P\u00e9rez, regidor d&#8217;Urbanisme i Infraestructures, ha destacat l&#8217;efici\u00e8ncia amb la qual s&#8217;ha executat el projecte: \u201cS&#8217;ha treballat amb rapidesa i planificaci\u00f3, intentant minimitzar les mol\u00e8sties ve\u00efnals i optimitzant els recursos disponibles. El reasfaltatge d&#8217;aquestes vies era necessari i ja \u00e9s una realitat.\u201d<\/p>\n<p><img loading=\"lazy\" decoding=\"async\" class=\"alignnone size-full wp-image-276163\" src=\"https:\/\/museros.org\/wp-content\/uploads\/2025\/07\/reasfaltatgecarrers2025-scaled.jpg\" alt=\"\" width=\"2560\" height=\"1920\" \/> <img loading=\"lazy\" decoding=\"async\" class=\"alignnone size-full wp-image-276164\" src=\"https:\/\/museros.org\/wp-content\/uploads\/2025\/07\/reasfaltatgecarrersfinalitzats2.jpeg\" alt=\"\" width=\"1200\" height=\"1600\" \/> <img loading=\"lazy\" decoding=\"async\" class=\"alignnone size-full wp-image-276165\" src=\"https:\/\/museros.org\/wp-content\/uploads\/2025\/07\/reasfaltatgecarrersfinalitzats3.jpeg\" alt=\"\" width=\"1200\" height=\"1600\" \/> <img loading=\"lazy\" decoding=\"async\" class=\"alignnone size-full wp-image-276170\" src=\"https:\/\/museros.org\/wp-content\/uploads\/2025\/07\/reasfaltatgecarrers10-scaled.jpg\" alt=\"\" width=\"1920\" height=\"2560\" \/><\/p>\n","protected":false},"excerpt":{"rendered":"<p>L&#8217;Ajuntament de Museros ha concl\u00f2s els treballs de reasfaltatge i renovaci\u00f3 de la pintura vi\u00e0ria de quatre carrers del nucli urb\u00e0, millorant aix\u00ed la seguretat i l&#8217;estat de la via p\u00fablica. L&#8217;actuaci\u00f3 ha suposat una inversi\u00f3 de 48.400 euros a trav\u00e9s de recursos propis. Aquesta obra s&#8217;emmarca dins d&#8217;un pla de manteniment i millora de [&hellip;]<\/p>\n","protected":false},"author":9,"featured_media":276158,"comment_status":"closed","ping_status":"closed","sticky":false,"template":"","format":"standard","meta":{"_et_pb_use_builder":"","_et_pb_old_content":"","_et_gb_content_width":"","footnotes":""},"categories":[1167],"tags":[],"wf_post_folders":[1238],"class_list":["post-276157","post","type-post","status-publish","format-standard","has-post-thumbnail","hentry","category-urbanisme"],"_links":{"self":[{"href":"https:\/\/museros.org\/inici\/wp-json\/wp\/v2\/posts\/276157","targetHints":{"allow":["GET"]}}],"collection":[{"href":"https:\/\/museros.org\/inici\/wp-json\/wp\/v2\/posts"}],"about":[{"href":"https:\/\/museros.org\/inici\/wp-json\/wp\/v2\/types\/post"}],"author":[{"embeddable":true,"href":"https:\/\/museros.org\/inici\/wp-json\/wp\/v2\/users\/9"}],"replies":[{"embeddable":true,"href":"https:\/\/museros.org\/inici\/wp-json\/wp\/v2\/comments?post=276157"}],"version-history":[{"count":2,"href":"https:\/\/museros.org\/inici\/wp-json\/wp\/v2\/posts\/276157\/revisions"}],"predecessor-version":[{"id":276172,"href":"https:\/\/museros.org\/inici\/wp-json\/wp\/v2\/posts\/276157\/revisions\/276172"}],"wp:featuredmedia":[{"embeddable":true,"href":"https:\/\/museros.org\/inici\/wp-json\/wp\/v2\/media\/276158"}],"wp:attachment":[{"href":"https:\/\/museros.org\/inici\/wp-json\/wp\/v2\/media?parent=276157"}],"wp:term":[{"taxonomy":"category","embeddable":true,"href":"https:\/\/museros.org\/inici\/wp-json\/wp\/v2\/categories?post=276157"},{"taxonomy":"post_tag","embeddable":true,"href":"https:\/\/museros.org\/inici\/wp-json\/wp\/v2\/tags?post=276157"},{"taxonomy":"wf_post_folders","embeddable":true,"href":"https:\/\/museros.org\/inici\/wp-json\/wp\/v2\/wf_post_folders?post=276157"}],"curies":[{"name":"wp","href":"https:\/\/api.w.org\/{rel}","templated":true}]}}