{"id":276143,"date":"2025-07-11T13:27:20","date_gmt":"2025-07-11T13:27:20","guid":{"rendered":"https:\/\/museros.org\/inici\/?p=276143"},"modified":"2025-07-11T14:30:12","modified_gmt":"2025-07-11T14:30:12","slug":"nueva-nave-municipal","status":"publish","type":"post","link":"https:\/\/museros.org\/inici\/es\/nueva-nave-municipal\/","title":{"rendered":"Nueva nave municipal"},"content":{"rendered":"<p>El Ayuntamiento de Museros ha formalizado la adquisici\u00f3n de una nueva nave de 1.600 metros cuadrados situada en el Cam\u00ed Vell de Massalfassar. La operaci\u00f3n, que supone una inversi\u00f3n de 660.000 euros, se ha realizado mediante un cr\u00e9dito bancario, y permitir\u00e1 reforzar los recursos municipales con un nuevo espacio destinado al almacenaje y uso log\u00edstico de la brigada municipal.<\/p>\n<p>Con esta adquisici\u00f3n, el consistorio contin\u00faa apostando por la mejora de las infraestructuras p\u00fablicas, ampliando adem\u00e1s el patrimonio municipal con una nave de grandes dimensiones que se encuentra en buen estado de conservaci\u00f3n. No obstante, el Ayuntamiento prev\u00e9 una pr\u00f3xima actuaci\u00f3n de pintura y limpieza para mejorar el aspecto exterior e interior del inmueble.<\/p>\n<p>Cristina Civera, alcaldesa de Museros, ha valorado positivamente la operaci\u00f3n: \u201cEsta adquisici\u00f3n responde a una necesidad real de nuestro municipio. Disponer de un espacio log\u00edstico amplio y adecuado para la brigada municipal y polic\u00eda nos permitir\u00e1 optimizar recursos y mejorar los servicios que ofrecemos a la ciudadan\u00eda. Seguimos trabajando para construir un Museros m\u00e1s funcional\u201d.<\/p>\n<p>Por su parte, Vicente P\u00e9rez, concejal de Urbanismo e Infraestructuras, ha destacado el car\u00e1cter estrat\u00e9gico de la compra: \u201cLa ubicaci\u00f3n de la nave y en especial sus grandes dimensiones la convierten en un activo clave para la log\u00edstica municipal. Gracias a esta inversi\u00f3n, ganamos en capacidad operativa y garantizamos mejores condiciones de trabajo para nuestra brigada.\u201d<\/p>\n<p>El nuevo inmueble se incorporar\u00e1 de forma inmediata al uso municipal, consolid\u00e1ndose como un paso m\u00e1s dentro de las acciones del equipo de gobierno para modernizar y ampliar los recursos p\u00fablicos de Museros.<\/p>\n","protected":false},"excerpt":{"rendered":"<p>El Ayuntamiento de Museros ha formalizado la adquisici\u00f3n de una nueva nave de 1.600 metros cuadrados situada en el Cam\u00ed Vell de Massalfassar. La operaci\u00f3n, que supone una inversi\u00f3n de 660.000 euros, se ha realizado mediante un cr\u00e9dito bancario, y permitir\u00e1 reforzar los recursos municipales con un nuevo espacio destinado al almacenaje y uso log\u00edstico [&hellip;]<\/p>\n","protected":false},"author":9,"featured_media":276139,"comment_status":"closed","ping_status":"closed","sticky":false,"template":"","format":"standard","meta":{"_et_pb_use_builder":"","_et_pb_old_content":"","_et_gb_content_width":"","footnotes":""},"categories":[1152,1169],"tags":[],"wf_post_folders":[1238],"class_list":["post-276143","post","type-post","status-publish","format-standard","has-post-thumbnail","hentry","category-infraestructuras","category-urbanismo"],"_links":{"self":[{"href":"https:\/\/museros.org\/inici\/wp-json\/wp\/v2\/posts\/276143","targetHints":{"allow":["GET"]}}],"collection":[{"href":"https:\/\/museros.org\/inici\/wp-json\/wp\/v2\/posts"}],"about":[{"href":"https:\/\/museros.org\/inici\/wp-json\/wp\/v2\/types\/post"}],"author":[{"embeddable":true,"href":"https:\/\/museros.org\/inici\/wp-json\/wp\/v2\/users\/9"}],"replies":[{"embeddable":true,"href":"https:\/\/museros.org\/inici\/wp-json\/wp\/v2\/comments?post=276143"}],"version-history":[{"count":1,"href":"https:\/\/museros.org\/inici\/wp-json\/wp\/v2\/posts\/276143\/revisions"}],"predecessor-version":[{"id":276144,"href":"https:\/\/museros.org\/inici\/wp-json\/wp\/v2\/posts\/276143\/revisions\/276144"}],"wp:featuredmedia":[{"embeddable":true,"href":"https:\/\/museros.org\/inici\/wp-json\/wp\/v2\/media\/276139"}],"wp:attachment":[{"href":"https:\/\/museros.org\/inici\/wp-json\/wp\/v2\/media?parent=276143"}],"wp:term":[{"taxonomy":"category","embeddable":true,"href":"https:\/\/museros.org\/inici\/wp-json\/wp\/v2\/categories?post=276143"},{"taxonomy":"post_tag","embeddable":true,"href":"https:\/\/museros.org\/inici\/wp-json\/wp\/v2\/tags?post=276143"},{"taxonomy":"wf_post_folders","embeddable":true,"href":"https:\/\/museros.org\/inici\/wp-json\/wp\/v2\/wf_post_folders?post=276143"}],"curies":[{"name":"wp","href":"https:\/\/api.w.org\/{rel}","templated":true}]}}