{"id":276053,"date":"2025-07-08T13:37:17","date_gmt":"2025-07-08T13:37:17","guid":{"rendered":"https:\/\/museros.org\/inici\/?p=276053"},"modified":"2025-07-08T13:37:23","modified_gmt":"2025-07-08T13:37:23","slug":"museros-consolida-su-club-de-lectura","status":"publish","type":"post","link":"https:\/\/museros.org\/inici\/es\/museros-consolida-su-club-de-lectura\/","title":{"rendered":"Museros consolida su Club de Lectura"},"content":{"rendered":"<p>El Ayuntamiento de Museros, a trav\u00e9s de la concejal\u00eda de Cultura, ha celebrado el acto de clausura de su Club de Lectura, para dar inicio al periodo estival. Una veintena de personas participan en esta iniciativa, de la que se ha celebrado su segunda edici\u00f3n. Tras el \u00e9xito del primer curso, iniciado en octubre de 2023, en 2024 y 2025 se ha consolidado y se han celebrado 9 sesiones a lo largo de todo el a\u00f1o acad\u00e9mico.<\/p>\n<p>El viernes, Cristina Civera, alcaldesa de Museros, y Laura Brisa, concejala de Cultura y Promoci\u00f3n Ling\u00fc\u00edstica, fueron las encargadas de entregar los diplomas que certifican la asistencia y participaci\u00f3n en este club de lectura. Las sesiones han tenido lugar los viernes de cada mes a las 18 horas en la agencia de lectura, situada en la calle de les Escoles Velles, 1, de Museros, y han estado dirigidas por Carmen Navarro. La pr\u00f3xima sesi\u00f3n se retomar\u00e1 el 26 de septiembre.<\/p>\n<p>Para Brisa, \u201ccon esta segunda edici\u00f3n del club de lectura hemos consolidado un espacio de encuentro donde la literatura nos une y nos enriquece como comunidad. Agradezco profundamente la participaci\u00f3n activa de nuestros vecinos y vecinas, y seguiremos trabajando para que la cultura siga siendo accesible, cercana y compartida en Museros.\u201d Por su parte, Civera ha destacado que el \u00e9xito de este club de lectura \u201crefleja el compromiso de Museros con la cultura como motor de cohesi\u00f3n social. Clausurar esta edici\u00f3n es motivo de orgullo, porque demuestra que el inter\u00e9s por la lectura sigue creciendo en nuestro municipio\u201d.<\/p>\n<p>En esta actividad las personas participantes comparten sus impresiones, interpretaciones y perspectivas sobre una lectura en com\u00fan, y tambi\u00e9n se celebran encuentros con autores, como el del pasado mes de mayo con Gemma Pasqual. Algunos de los libros que han le\u00eddo y debatido son<em>: La t\u00eda Mame<\/em> de Patrick Dennis, <em>Cara de Pan<\/em> de Sara Mesa<em>, Canci\u00f3n Dulce<\/em> de Leila Slimani, <em>La acabadora<\/em> de Michela Murgia, <em>La casa del Padre<\/em> de Karmele Jaio<em>, Lluvia Fina <\/em>de Luis Landero, <em>Tres Mujeres<\/em> de Lisa Tadeo<em>, Viure perillosament<\/em> de Gemma Pasqual, y <em>El Curioso Indicente del perro a medianoche<\/em> de Mark Haddon. En definitiva, obras diversas que permiten hablar de infinidad de tem\u00e1ticas y ampliar el abanico de lectura.<\/p>\n","protected":false},"excerpt":{"rendered":"<p>El Ayuntamiento de Museros, a trav\u00e9s de la concejal\u00eda de Cultura, ha celebrado el acto de clausura de su Club de Lectura, para dar inicio al periodo estival. Una veintena de personas participan en esta iniciativa, de la que se ha celebrado su segunda edici\u00f3n. Tras el \u00e9xito del primer curso, iniciado en octubre de [&hellip;]<\/p>\n","protected":false},"author":9,"featured_media":276049,"comment_status":"closed","ping_status":"closed","sticky":false,"template":"","format":"standard","meta":{"_et_pb_use_builder":"","_et_pb_old_content":"","_et_gb_content_width":"","footnotes":""},"categories":[1283],"tags":[],"wf_post_folders":[1285],"class_list":["post-276053","post","type-post","status-publish","format-standard","has-post-thumbnail","hentry","category-cultura"],"_links":{"self":[{"href":"https:\/\/museros.org\/inici\/wp-json\/wp\/v2\/posts\/276053","targetHints":{"allow":["GET"]}}],"collection":[{"href":"https:\/\/museros.org\/inici\/wp-json\/wp\/v2\/posts"}],"about":[{"href":"https:\/\/museros.org\/inici\/wp-json\/wp\/v2\/types\/post"}],"author":[{"embeddable":true,"href":"https:\/\/museros.org\/inici\/wp-json\/wp\/v2\/users\/9"}],"replies":[{"embeddable":true,"href":"https:\/\/museros.org\/inici\/wp-json\/wp\/v2\/comments?post=276053"}],"version-history":[{"count":1,"href":"https:\/\/museros.org\/inici\/wp-json\/wp\/v2\/posts\/276053\/revisions"}],"predecessor-version":[{"id":276054,"href":"https:\/\/museros.org\/inici\/wp-json\/wp\/v2\/posts\/276053\/revisions\/276054"}],"wp:featuredmedia":[{"embeddable":true,"href":"https:\/\/museros.org\/inici\/wp-json\/wp\/v2\/media\/276049"}],"wp:attachment":[{"href":"https:\/\/museros.org\/inici\/wp-json\/wp\/v2\/media?parent=276053"}],"wp:term":[{"taxonomy":"category","embeddable":true,"href":"https:\/\/museros.org\/inici\/wp-json\/wp\/v2\/categories?post=276053"},{"taxonomy":"post_tag","embeddable":true,"href":"https:\/\/museros.org\/inici\/wp-json\/wp\/v2\/tags?post=276053"},{"taxonomy":"wf_post_folders","embeddable":true,"href":"https:\/\/museros.org\/inici\/wp-json\/wp\/v2\/wf_post_folders?post=276053"}],"curies":[{"name":"wp","href":"https:\/\/api.w.org\/{rel}","templated":true}]}}