{"id":276051,"date":"2025-07-08T13:36:10","date_gmt":"2025-07-08T13:36:10","guid":{"rendered":"https:\/\/museros.org\/inici\/?p=276051"},"modified":"2025-07-08T13:37:43","modified_gmt":"2025-07-08T13:37:43","slug":"museros-consolida-el-seu-club-de-lectura","status":"publish","type":"post","link":"https:\/\/museros.org\/inici\/museros-consolida-el-seu-club-de-lectura\/","title":{"rendered":"Museros consolida el seu Club de Lectura"},"content":{"rendered":"<p>L&#8217;Ajuntament de Museros, a trav\u00e9s de la Regidoria de Cultura, ha celebrat l&#8217;acte de clausura del seu Club de Lectura per a comen\u00e7ar el per\u00edode estival. Una vintena de persones participen en aquesta iniciativa, de la qual s&#8217;ha celebrat la segona edici\u00f3. Despr\u00e9s de l&#8217;\u00e8xit del primer curs, iniciat l&#8217;octubre de 2023, en 2024 i 2025 s&#8217;ha consolidat i s&#8217;han celebrat 9 sessions al llarg de tot l&#8217;any acad\u00e8mic.<\/p>\n<p>El divendres, Cristina Civera, alcaldessa de Museros, i Laura\u00a0Brisa, regidora de Cultura i Promoci\u00f3 Ling\u00fc\u00edstica, van ser les encarregades d&#8217;entregar els diplomes que certifiquen l&#8217;assist\u00e8ncia i participaci\u00f3 en aquest club de lectura. Les sessions han tingut lloc l\u2019\u00faltim divendres de cada mes a les 18 hores en l&#8217;ag\u00e8ncia de lectura, situada al carrer de les\u00a0Escoles\u00a0Velles, 1, de Museros, i han estat dirigides per Carme Navarro. La pr\u00f2xima sessi\u00f3 es reprendr\u00e0 el 26 de setembre.<\/p>\n<p>Per a Brisa, \u201camb aquesta segona edici\u00f3 del Club de Lectura hem consolidat un espai de trobada on la literatura ens uneix i ens enriqueix com a comunitat. Agra\u00efsc profundament la participaci\u00f3 activa dels nostres ve\u00efns i ve\u00efnes, i continuarem treballant perqu\u00e8 la cultura continue sent accessible, pr\u00f2xima i compartida a Museros.\u201d Per part seua, Civera ha destacat que l&#8217;\u00e8xit d&#8217;aquest club de lectura \u201creflecteix el comprom\u00eds de Museros amb la cultura com a motor de cohesi\u00f3 social. Clausurar aquesta edici\u00f3 \u00e9s motiu d&#8217;orgull, perqu\u00e8 demostra que l&#8217;inter\u00e9s per la lectura continua creixent en el nostre municipi\u201d.<\/p>\n<p>En aquesta activitat, els i les participants comparteixen les seues impressions, interpretacions i perspectives sobre una lectura en com\u00fa, i tamb\u00e9 se celebren trobades amb autors, com la del passat mes de maig amb Gemma Pasqual. Alguns dels llibres que han llegit i debatut s\u00f3n: <em>La tia Mame<\/em>, de Patrick Dennis; <em>Cara de pa<\/em>, de Sara Mesa; <em>Can\u00e7\u00f3 dol\u00e7a<\/em>, de Leila Slimani; <em>L&#8217;acabadora<\/em>, de Michela Murgia; <em>La casa del pare<\/em>, de Karmele Jaio; <em>Pluja fina<\/em>, de Luis Landero; <em>Tres dones<\/em>, de Lisa Tadeo; <em>Viure perillosament<\/em>, de Gemma Pasqual, i <em>El curi\u00f3s incident del gos a mitjanit<\/em>, de Mark Haddon. En definitiva, obres diverses que permeten parlar d&#8217;infinitat de tem\u00e0tiques i ampliar el ventall de lectura.<\/p>\n","protected":false},"excerpt":{"rendered":"<p>L&#8217;Ajuntament de Museros, a trav\u00e9s de la Regidoria de Cultura, ha celebrat l&#8217;acte de clausura del seu Club de Lectura per a comen\u00e7ar el per\u00edode estival. Una vintena de persones participen en aquesta iniciativa, de la qual s&#8217;ha celebrat la segona edici\u00f3. Despr\u00e9s de l&#8217;\u00e8xit del primer curs, iniciat l&#8217;octubre de 2023, en 2024 i [&hellip;]<\/p>\n","protected":false},"author":9,"featured_media":276049,"comment_status":"closed","ping_status":"closed","sticky":false,"template":"","format":"standard","meta":{"_et_pb_use_builder":"","_et_pb_old_content":"","_et_gb_content_width":"","footnotes":""},"categories":[1262],"tags":[],"wf_post_folders":[1285],"class_list":["post-276051","post","type-post","status-publish","format-standard","has-post-thumbnail","hentry","category-cultura-va"],"_links":{"self":[{"href":"https:\/\/museros.org\/inici\/wp-json\/wp\/v2\/posts\/276051","targetHints":{"allow":["GET"]}}],"collection":[{"href":"https:\/\/museros.org\/inici\/wp-json\/wp\/v2\/posts"}],"about":[{"href":"https:\/\/museros.org\/inici\/wp-json\/wp\/v2\/types\/post"}],"author":[{"embeddable":true,"href":"https:\/\/museros.org\/inici\/wp-json\/wp\/v2\/users\/9"}],"replies":[{"embeddable":true,"href":"https:\/\/museros.org\/inici\/wp-json\/wp\/v2\/comments?post=276051"}],"version-history":[{"count":1,"href":"https:\/\/museros.org\/inici\/wp-json\/wp\/v2\/posts\/276051\/revisions"}],"predecessor-version":[{"id":276052,"href":"https:\/\/museros.org\/inici\/wp-json\/wp\/v2\/posts\/276051\/revisions\/276052"}],"wp:featuredmedia":[{"embeddable":true,"href":"https:\/\/museros.org\/inici\/wp-json\/wp\/v2\/media\/276049"}],"wp:attachment":[{"href":"https:\/\/museros.org\/inici\/wp-json\/wp\/v2\/media?parent=276051"}],"wp:term":[{"taxonomy":"category","embeddable":true,"href":"https:\/\/museros.org\/inici\/wp-json\/wp\/v2\/categories?post=276051"},{"taxonomy":"post_tag","embeddable":true,"href":"https:\/\/museros.org\/inici\/wp-json\/wp\/v2\/tags?post=276051"},{"taxonomy":"wf_post_folders","embeddable":true,"href":"https:\/\/museros.org\/inici\/wp-json\/wp\/v2\/wf_post_folders?post=276051"}],"curies":[{"name":"wp","href":"https:\/\/api.w.org\/{rel}","templated":true}]}}