{"id":275928,"date":"2025-07-02T13:10:50","date_gmt":"2025-07-02T13:10:50","guid":{"rendered":"https:\/\/museros.org\/inici\/?p=275928"},"modified":"2025-07-08T11:16:26","modified_gmt":"2025-07-08T11:16:26","slug":"vols-ser-jutgessa-o-jutge-de-pau-de-museros","status":"publish","type":"post","link":"https:\/\/museros.org\/inici\/vols-ser-jutgessa-o-jutge-de-pau-de-museros\/","title":{"rendered":"Vols ser jutgessa o jutge de pau de Museros?"},"content":{"rendered":"<p>Dem\u00e0, 3 de juliol, s&#8217;obri el termini de 10 dies h\u00e0bils perqu\u00e8 les persones que estiguen interessades i reunisquen les condicions legals ho sol\u00b7liciten per escrit dirigit a Alcaldia. El model d&#8217;inst\u00e0ncia pot ser retirat en registre de l&#8217;Ajuntament o per seu electr\u00f2nica.<\/p>\n<p>El termini per a entregar les inst\u00e0ncies acaba el 16 de juliol.<\/p>\n<p><strong>Caldr\u00e0 presentar, a m\u00e9s de la inst\u00e0ncia general, una relaci\u00f3 de m\u00e8rits i\/o curr\u00edculum, i una declaraci\u00f3 jurada de dades d\u2019identificaci\u00f3 i condicions de capacitat i de compatibilitat: adjuntem un exemple que es pot utilitzar<\/strong>\u00a0<a href=\"https:\/\/museros.org\/wp-content\/uploads\/2025\/07\/declaracio-jurada-jutge-de-pau-titular-i-suplement_2025.pdf\" target=\"_blank\" rel=\"noopener\">&gt; pdf<\/a><\/p>\n<p>Requisits: tindre la nacionalitat espanyola, ser major d&#8217;edat i reunir les condicions de capacitat i de compatibilitat, aix\u00ed com la resta de requisits exigits per la Llei 6\/1985, d&#8217;1 de juliol, del poder judicial (articles 302 i 303 i 389 a 397) i pel Reglament 3\/1995, de 7 de juny.<\/p>\n<p>En la Secretaria de l&#8217;Ajuntament pot ser examinat l&#8217;expedient i recaptar la informaci\u00f3 que es necessite quant a requisits, duraci\u00f3 del c\u00e0rrec, etc. Aix\u00ed mateix, estar\u00e0 a la disposici\u00f3 de les persones interessades en la seu electr\u00f2nica de l&#8217;Ajuntament:<a href=\"https:\/\/museros.sedelectronica.es.\" target=\"_blank\" rel=\"noopener\"> https:\/\/museros.sedelectronica.es.<\/a><\/p>\n<p>&nbsp;<\/p>\n<p>&nbsp;<\/p>\n","protected":false},"excerpt":{"rendered":"<p>Dem\u00e0, 3 de juliol, s&#8217;obri el termini de 10 dies h\u00e0bils perqu\u00e8 les persones que estiguen interessades i reunisquen les condicions legals ho sol\u00b7liciten per escrit dirigit a Alcaldia. El model d&#8217;inst\u00e0ncia pot ser retirat en registre de l&#8217;Ajuntament o per seu electr\u00f2nica. El termini per a entregar les inst\u00e0ncies acaba el 16 de juliol. [&hellip;]<\/p>\n","protected":false},"author":9,"featured_media":275934,"comment_status":"closed","ping_status":"closed","sticky":false,"template":"","format":"standard","meta":{"_et_pb_use_builder":"","_et_pb_old_content":"","_et_gb_content_width":"","footnotes":""},"categories":[1116,1244],"tags":[],"wf_post_folders":[268],"class_list":["post-275928","post","type-post","status-publish","format-standard","has-post-thumbnail","hentry","category-ocupacio","category-recursos-humans"],"_links":{"self":[{"href":"https:\/\/museros.org\/inici\/wp-json\/wp\/v2\/posts\/275928","targetHints":{"allow":["GET"]}}],"collection":[{"href":"https:\/\/museros.org\/inici\/wp-json\/wp\/v2\/posts"}],"about":[{"href":"https:\/\/museros.org\/inici\/wp-json\/wp\/v2\/types\/post"}],"author":[{"embeddable":true,"href":"https:\/\/museros.org\/inici\/wp-json\/wp\/v2\/users\/9"}],"replies":[{"embeddable":true,"href":"https:\/\/museros.org\/inici\/wp-json\/wp\/v2\/comments?post=275928"}],"version-history":[{"count":6,"href":"https:\/\/museros.org\/inici\/wp-json\/wp\/v2\/posts\/275928\/revisions"}],"predecessor-version":[{"id":276044,"href":"https:\/\/museros.org\/inici\/wp-json\/wp\/v2\/posts\/275928\/revisions\/276044"}],"wp:featuredmedia":[{"embeddable":true,"href":"https:\/\/museros.org\/inici\/wp-json\/wp\/v2\/media\/275934"}],"wp:attachment":[{"href":"https:\/\/museros.org\/inici\/wp-json\/wp\/v2\/media?parent=275928"}],"wp:term":[{"taxonomy":"category","embeddable":true,"href":"https:\/\/museros.org\/inici\/wp-json\/wp\/v2\/categories?post=275928"},{"taxonomy":"post_tag","embeddable":true,"href":"https:\/\/museros.org\/inici\/wp-json\/wp\/v2\/tags?post=275928"},{"taxonomy":"wf_post_folders","embeddable":true,"href":"https:\/\/museros.org\/inici\/wp-json\/wp\/v2\/wf_post_folders?post=275928"}],"curies":[{"name":"wp","href":"https:\/\/api.w.org\/{rel}","templated":true}]}}