{"id":275837,"date":"2025-07-01T13:48:32","date_gmt":"2025-07-01T13:48:32","guid":{"rendered":"https:\/\/museros.org\/inici\/?p=275837"},"modified":"2025-07-01T13:49:28","modified_gmt":"2025-07-01T13:49:28","slug":"museros-refuerza-el-empleo-agrario","status":"publish","type":"post","link":"https:\/\/museros.org\/inici\/es\/museros-refuerza-el-empleo-agrario\/","title":{"rendered":"Museros refuerza el empleo agrario"},"content":{"rendered":"<p>El Ayuntamiento de Museros ha puesto en marcha un plan de empleo temporal con la incorporaci\u00f3n de seis personas desempleadas para realizar trabajos en el \u00e1mbito agrario durante los meses de verano. Las contrataciones, que se extender\u00e1n hasta finales de septiembre, se han llevado a cabo gracias a una subvenci\u00f3n del Servicio P\u00fablico de Empleo Estatal (SEPE) por un importe total de 33.914 euros.<\/p>\n<p>El personal ya ha comenzado su labor esta semana y centrar\u00e1 sus esfuerzos en tareas como la limpieza de carreteras, caminos rurales, senderos y otras zonas agr\u00edcolas, con el objetivo de mejorar el entorno y prevenir posibles riesgos medioambientales, como los incendios forestales.<\/p>\n<p>Durante el acto de bienvenida, celebrado en el sal\u00f3n de plenos, Cristina Civera, alcaldesa de Museros, destac\u00f3 la relevancia de esta iniciativa: \u201cLa limpieza y el mantenimiento de caminos y zonas agrarias durante el verano es clave para prevenir incendios. Este tipo de actuaciones tienen un impacto directo en la seguridad y el bienestar de la ciudadan\u00eda\u201d. Adem\u00e1s, Civera, que tambi\u00e9n dirige la concejal\u00eda de Agricultura, subray\u00f3 el componente econ\u00f3mico del programa: \u201cEsta subvenci\u00f3n nos permite reactivar el empleo en el sector agrario fuera de su temporada habitual, lo cual contribuye a dinamizar la actividad del municipio\u201d.<\/p>\n<p>Por su parte, Laura Brisa, concejala de Empleo, quiso remarcar el compromiso del consistorio con las pol\u00edticas activas de ocupaci\u00f3n: \u201cPara nosotros es fundamental apoyar a quienes buscan trabajo, ofreci\u00e9ndoles oportunidades reales de inserci\u00f3n y desarrollo en el mercado laboral\u201d.<\/p>\n<p>Esta actuaci\u00f3n se enmarca dentro de la estrategia del Ayuntamiento de Museros para fomentar el empleo local y garantizar el mantenimiento del entorno rural, un eje clave para la sostenibilidad del municipio.<\/p>\n","protected":false},"excerpt":{"rendered":"<p>El Ayuntamiento de Museros ha puesto en marcha un plan de empleo temporal con la incorporaci\u00f3n de seis personas desempleadas para realizar trabajos en el \u00e1mbito agrario durante los meses de verano. Las contrataciones, que se extender\u00e1n hasta finales de septiembre, se han llevado a cabo gracias a una subvenci\u00f3n del Servicio P\u00fablico de Empleo [&hellip;]<\/p>\n","protected":false},"author":9,"featured_media":275827,"comment_status":"closed","ping_status":"closed","sticky":false,"template":"","format":"standard","meta":{"_et_pb_use_builder":"","_et_pb_old_content":"","_et_gb_content_width":"","footnotes":""},"categories":[1846,1146],"tags":[],"wf_post_folders":[268],"class_list":["post-275837","post","type-post","status-publish","format-standard","has-post-thumbnail","hentry","category-agricultura-es","category-empleo"],"_links":{"self":[{"href":"https:\/\/museros.org\/inici\/wp-json\/wp\/v2\/posts\/275837","targetHints":{"allow":["GET"]}}],"collection":[{"href":"https:\/\/museros.org\/inici\/wp-json\/wp\/v2\/posts"}],"about":[{"href":"https:\/\/museros.org\/inici\/wp-json\/wp\/v2\/types\/post"}],"author":[{"embeddable":true,"href":"https:\/\/museros.org\/inici\/wp-json\/wp\/v2\/users\/9"}],"replies":[{"embeddable":true,"href":"https:\/\/museros.org\/inici\/wp-json\/wp\/v2\/comments?post=275837"}],"version-history":[{"count":2,"href":"https:\/\/museros.org\/inici\/wp-json\/wp\/v2\/posts\/275837\/revisions"}],"predecessor-version":[{"id":275839,"href":"https:\/\/museros.org\/inici\/wp-json\/wp\/v2\/posts\/275837\/revisions\/275839"}],"wp:featuredmedia":[{"embeddable":true,"href":"https:\/\/museros.org\/inici\/wp-json\/wp\/v2\/media\/275827"}],"wp:attachment":[{"href":"https:\/\/museros.org\/inici\/wp-json\/wp\/v2\/media?parent=275837"}],"wp:term":[{"taxonomy":"category","embeddable":true,"href":"https:\/\/museros.org\/inici\/wp-json\/wp\/v2\/categories?post=275837"},{"taxonomy":"post_tag","embeddable":true,"href":"https:\/\/museros.org\/inici\/wp-json\/wp\/v2\/tags?post=275837"},{"taxonomy":"wf_post_folders","embeddable":true,"href":"https:\/\/museros.org\/inici\/wp-json\/wp\/v2\/wf_post_folders?post=275837"}],"curies":[{"name":"wp","href":"https:\/\/api.w.org\/{rel}","templated":true}]}}