{"id":275834,"date":"2025-07-01T13:46:22","date_gmt":"2025-07-01T13:46:22","guid":{"rendered":"https:\/\/museros.org\/inici\/?p=275834"},"modified":"2025-07-01T13:46:53","modified_gmt":"2025-07-01T13:46:53","slug":"museros-reforca-locupacio-agraria","status":"publish","type":"post","link":"https:\/\/museros.org\/inici\/museros-reforca-locupacio-agraria\/","title":{"rendered":"Museros refor\u00e7a l&#8217;ocupaci\u00f3 agr\u00e0ria"},"content":{"rendered":"<p>L&#8217;Ajuntament de Museros ha posat en marxa un pla d&#8217;ocupaci\u00f3 temporal amb la incorporaci\u00f3 de sis persones desocupades per a fer treballs en l&#8217;\u00e0mbit agrari durant els mesos d&#8217;estiu. Les contractacions, que s&#8217;estendran fins a finals de setembre, s&#8217;han dut a terme gr\u00e0cies a una subvenci\u00f3 del Servei P\u00fablic d&#8217;Ocupaci\u00f3 Estatal (SEPE)\u00a0per un import total de 33.914 euros.<\/p>\n<p>El personal ja ha comen\u00e7at la seua tasca aquesta setmana i centrar\u00e0 els seus esfor\u00e7os en faenes com la neteja de carreteres, camins rurals, senders i altres zones agr\u00edcoles, amb l&#8217;objectiu de millorar l&#8217;entorn i previndre possibles riscos mediambientals, com els incendis forestals.<\/p>\n<p>Durant l&#8217;acte de benvinguda, celebrat en el sal\u00f3 de plens, Cristina Civera, alcaldessa de Museros, va destacar la rellev\u00e0ncia d&#8217;aquesta iniciativa: \u201cLa neteja i el manteniment de camins i zones agr\u00e0ries durant l&#8217;estiu \u00e9s clau per a previndre incendis. Aquest tipus d&#8217;actuacions tenen un impacte directe en la seguretat i el benestar de la ciutadania\u201d. A m\u00e9s, Civera, que tamb\u00e9 dirigeix la Regidoria d&#8217;Agricultura, va subratllar el component econ\u00f2mic del programa: \u201cAquesta subvenci\u00f3 ens permet reactivar l&#8217;ocupaci\u00f3 en el sector agrari fora de la seua temporada habitual, la qual cosa contribueix a dinamitzar l&#8217;activitat del municipi\u201d.<\/p>\n<p>D\u2019altra banda, Laura\u00a0Brisa, regidora d&#8217;Ocupaci\u00f3, va voler remarcar el comprom\u00eds del consistori amb les pol\u00edtiques actives d&#8217;ocupaci\u00f3: \u201cPer a nosaltres \u00e9s fonamental fer costat als qui busquen treball, oferint-los oportunitats reals d&#8217;inserci\u00f3 i desenvolupament en el mercat laboral\u201d.<\/p>\n<p>Aquesta actuaci\u00f3 s&#8217;emmarca dins de l&#8217;estrat\u00e8gia de l&#8217;Ajuntament de Museros per a fomentar l&#8217;ocupaci\u00f3 local i garantir el manteniment de l&#8217;entorn rural, un eix clau per a la sostenibilitat del municipi.<\/p>\n","protected":false},"excerpt":{"rendered":"<p>L&#8217;Ajuntament de Museros ha posat en marxa un pla d&#8217;ocupaci\u00f3 temporal amb la incorporaci\u00f3 de sis persones desocupades per a fer treballs en l&#8217;\u00e0mbit agrari durant els mesos d&#8217;estiu. Les contractacions, que s&#8217;estendran fins a finals de setembre, s&#8217;han dut a terme gr\u00e0cies a una subvenci\u00f3 del Servei P\u00fablic d&#8217;Ocupaci\u00f3 Estatal (SEPE)\u00a0per un import total [&hellip;]<\/p>\n","protected":false},"author":9,"featured_media":275827,"comment_status":"closed","ping_status":"closed","sticky":false,"template":"","format":"standard","meta":{"_et_pb_use_builder":"","_et_pb_old_content":"","_et_gb_content_width":"","footnotes":""},"categories":[1844,1116],"tags":[],"wf_post_folders":[268],"class_list":["post-275834","post","type-post","status-publish","format-standard","has-post-thumbnail","hentry","category-agricultura","category-ocupacio"],"_links":{"self":[{"href":"https:\/\/museros.org\/inici\/wp-json\/wp\/v2\/posts\/275834","targetHints":{"allow":["GET"]}}],"collection":[{"href":"https:\/\/museros.org\/inici\/wp-json\/wp\/v2\/posts"}],"about":[{"href":"https:\/\/museros.org\/inici\/wp-json\/wp\/v2\/types\/post"}],"author":[{"embeddable":true,"href":"https:\/\/museros.org\/inici\/wp-json\/wp\/v2\/users\/9"}],"replies":[{"embeddable":true,"href":"https:\/\/museros.org\/inici\/wp-json\/wp\/v2\/comments?post=275834"}],"version-history":[{"count":2,"href":"https:\/\/museros.org\/inici\/wp-json\/wp\/v2\/posts\/275834\/revisions"}],"predecessor-version":[{"id":275836,"href":"https:\/\/museros.org\/inici\/wp-json\/wp\/v2\/posts\/275834\/revisions\/275836"}],"wp:featuredmedia":[{"embeddable":true,"href":"https:\/\/museros.org\/inici\/wp-json\/wp\/v2\/media\/275827"}],"wp:attachment":[{"href":"https:\/\/museros.org\/inici\/wp-json\/wp\/v2\/media?parent=275834"}],"wp:term":[{"taxonomy":"category","embeddable":true,"href":"https:\/\/museros.org\/inici\/wp-json\/wp\/v2\/categories?post=275834"},{"taxonomy":"post_tag","embeddable":true,"href":"https:\/\/museros.org\/inici\/wp-json\/wp\/v2\/tags?post=275834"},{"taxonomy":"wf_post_folders","embeddable":true,"href":"https:\/\/museros.org\/inici\/wp-json\/wp\/v2\/wf_post_folders?post=275834"}],"curies":[{"name":"wp","href":"https:\/\/api.w.org\/{rel}","templated":true}]}}