{"id":275561,"date":"2025-06-23T15:27:17","date_gmt":"2025-06-23T15:27:17","guid":{"rendered":"https:\/\/museros.org\/inici\/?p=275561"},"modified":"2025-06-26T13:49:07","modified_gmt":"2025-06-26T13:49:07","slug":"semana-museros-con-orgullo","status":"publish","type":"post","link":"https:\/\/museros.org\/inici\/es\/semana-museros-con-orgullo\/","title":{"rendered":"Semana Museros con Orgullo 2025"},"content":{"rendered":"<p>El Ayuntamiento de Museros, a trav\u00e9s de la Concejal\u00eda de Pol\u00edticas Inclusivas y Pol\u00edticas de Igualdad de G\u00e9nero, ha dise\u00f1ado una semana con diferentes actividades para todos los p\u00fablicos para dar visibilidad al D\u00eda del Orgullo LGBTQIA+ y reivindicar y celebrar la diversidad que nos enriquece como pueblo.<\/p>\n<p><strong>PROGRAMACI\u00d3N:<\/strong><\/p>\n<p><strong>Lunes, 23 de junio. Cuentacuentos: \u2018Dos madres momias\u2019<\/strong><br \/>\n\u2022 Hora: 19.00 h<br \/>\n\u2022 Lugar: agencia de lectura. Una historia para las m\u00e1s peque\u00f1as y peque\u00f1os que nos acerca a la diversidad familiar de una manera divertida y respetuosa.<\/p>\n<p><strong>Viernes, 27 de junio. Presentaci\u00f3n del primer Plan de Diversidad de Museros<\/strong><br \/>\n\u2022 Hora: 19:00 h<br \/>\n\u2022 Lugar: Sal\u00f3n de plenos. \u00a1Un paso adelante importante para Museros! Conoce de primera mano las l\u00edneas de actuaci\u00f3n para garantizar la igualdad y el respecto a la diversidad en nuestro municipio.<\/p>\n<p><strong>Viernes, 27 de junio. Lectura del manifiesto por el D\u00eda del Orgullo LGBTQIA+<\/strong><br \/>\n\u2022 Hora: 19:30 h<br \/>\n\u2022 Lugar: Puerta del ayuntamiento. Unimos nuestras voces para reivindicar los derechos y libertades de todas las personas, sin importar su orientaci\u00f3n sexual o identidad de g\u00e9nero. \u00a1Al acabar, repartiremos una merienda refrescante para todas las persones asistentes!<\/p>\n<p><strong>S\u00e1bado, 28 de junio. Obra de teatro: \u2018Marilina, la orgullosa\u2019<\/strong><br \/>\n\u2022 Hora: 22:00 h<br \/>\n\u2022 Lugar: Parque de la M\u00fasica. Para poner el punto final a la semana, disfrutaremos de una divertida y emotiva obra de teatro que nos har\u00e1 reflexionar sobre la importancia de ser uno mismo con orgullo.<\/p>\n<p>\u00a1Ven y celebra con nosotros la diversidad que nos hace grandes! La igualdad es cosa de todas y todos.<\/p>\n","protected":false},"excerpt":{"rendered":"<p>El Ayuntamiento de Museros, a trav\u00e9s de la Concejal\u00eda de Pol\u00edticas Inclusivas y Pol\u00edticas de Igualdad de G\u00e9nero, ha dise\u00f1ado una semana con diferentes actividades para todos los p\u00fablicos para dar visibilidad al D\u00eda del Orgullo LGBTQIA+ y reivindicar y celebrar la diversidad que nos enriquece como pueblo. PROGRAMACI\u00d3N: Lunes, 23 de junio. Cuentacuentos: \u2018Dos [&hellip;]<\/p>\n","protected":false},"author":9,"featured_media":275539,"comment_status":"closed","ping_status":"closed","sticky":false,"template":"","format":"standard","meta":{"_et_pb_use_builder":"","_et_pb_old_content":"","_et_gb_content_width":"","footnotes":""},"categories":[1637],"tags":[],"wf_post_folders":[266],"class_list":["post-275561","post","type-post","status-publish","format-standard","has-post-thumbnail","hentry","category-igualdad"],"_links":{"self":[{"href":"https:\/\/museros.org\/inici\/wp-json\/wp\/v2\/posts\/275561","targetHints":{"allow":["GET"]}}],"collection":[{"href":"https:\/\/museros.org\/inici\/wp-json\/wp\/v2\/posts"}],"about":[{"href":"https:\/\/museros.org\/inici\/wp-json\/wp\/v2\/types\/post"}],"author":[{"embeddable":true,"href":"https:\/\/museros.org\/inici\/wp-json\/wp\/v2\/users\/9"}],"replies":[{"embeddable":true,"href":"https:\/\/museros.org\/inici\/wp-json\/wp\/v2\/comments?post=275561"}],"version-history":[{"count":3,"href":"https:\/\/museros.org\/inici\/wp-json\/wp\/v2\/posts\/275561\/revisions"}],"predecessor-version":[{"id":275691,"href":"https:\/\/museros.org\/inici\/wp-json\/wp\/v2\/posts\/275561\/revisions\/275691"}],"wp:featuredmedia":[{"embeddable":true,"href":"https:\/\/museros.org\/inici\/wp-json\/wp\/v2\/media\/275539"}],"wp:attachment":[{"href":"https:\/\/museros.org\/inici\/wp-json\/wp\/v2\/media?parent=275561"}],"wp:term":[{"taxonomy":"category","embeddable":true,"href":"https:\/\/museros.org\/inici\/wp-json\/wp\/v2\/categories?post=275561"},{"taxonomy":"post_tag","embeddable":true,"href":"https:\/\/museros.org\/inici\/wp-json\/wp\/v2\/tags?post=275561"},{"taxonomy":"wf_post_folders","embeddable":true,"href":"https:\/\/museros.org\/inici\/wp-json\/wp\/v2\/wf_post_folders?post=275561"}],"curies":[{"name":"wp","href":"https:\/\/api.w.org\/{rel}","templated":true}]}}