{"id":275550,"date":"2025-06-23T15:16:09","date_gmt":"2025-06-23T15:16:09","guid":{"rendered":"https:\/\/museros.org\/inici\/?p=275550"},"modified":"2025-06-26T13:48:50","modified_gmt":"2025-06-26T13:48:50","slug":"setmana-museros-amb-orgull-2025","status":"publish","type":"post","link":"https:\/\/museros.org\/inici\/setmana-museros-amb-orgull-2025\/","title":{"rendered":"Setmana Museros amb Orgull 2025"},"content":{"rendered":"<p>L\u2019Ajuntament de Museros, a trav\u00e9s de la Regidoria de Pol\u00edtiques Inclusives i Pol\u00edtiques d\u2019Igualtat de G\u00e8nere, ha dissenyat una setmana amb diferents activitats per a tots els p\u00fablics per donar visibilitat al Dia de l&#8217;Orgull LGBTQIA+ i reivindicar i celebrar la diversitat que ens enriqueix com a poble.<\/p>\n<p><strong>PROGRAMACI\u00d3:<\/strong><\/p>\n<p><strong>Dilluns, 23 de juny. Contacontes: \u2018Dos mares m\u00f2mies\u2019<\/strong><br \/>\n\u2022 Hora: 19.00 h<br \/>\n\u2022 Lloc: ag\u00e8ncia de lectura. Una hist\u00f2ria per a les m\u00e9s menudes i menuts que ens acosta a la diversitat familiar d&#8217;una manera divertida i respectuosa.<\/p>\n<p><strong>Divendres, 27 de juny. Presentaci\u00f3 del primer Pla de Diversitat de Museros<\/strong><br \/>\n\u2022 Hora: 19.00 h<br \/>\n\u2022 Lloc: Sal\u00f3 de plens. Un pas endavant important per a Museros! Coneix de primera m\u00e0 les l\u00ednies d&#8217;actuaci\u00f3 per a garantir la igualtat i el respecte a la diversitat en el nostre municipi.<\/p>\n<p><strong>Divendres, 27 de juny. Lectura del manifest pel Dia de l\u2019Orgull LGBTQIA+<\/strong><br \/>\n\u2022 Hora: 19.30 h<br \/>\n\u2022 Lloc: Porta de l\u2019ajuntament. Unim les nostres veus per a reivindicar els drets i llibertats de totes les persones, sense importar l\u2019orientaci\u00f3 sexual o identitat de g\u00e8nere. En acabar, repartirem un berenar refrescant per a totes les persones assistents!<\/p>\n<p><strong>\u00a0Dissabte, 28 de juny. Obra de teatre: \u2018Marilina, l&#8217;orgullosa\u2019<\/strong><br \/>\n\u2022 Hora: 22.00 h<br \/>\n\u2022 Lloc: Casa de Cultura. Per a posar el punt final a la setmana, gaudirem d&#8217;una divertida i emotiva obra de teatre que ens far\u00e0 reflexionar sobre la import\u00e0ncia de ser u mateix amb orgull.<\/p>\n<p>Vine i celebra amb nosaltres la diversitat que ens fa grans! La igualtat \u00e9s cosa de totes i tots.<\/p>\n","protected":false},"excerpt":{"rendered":"<p>L\u2019Ajuntament de Museros, a trav\u00e9s de la Regidoria de Pol\u00edtiques Inclusives i Pol\u00edtiques d\u2019Igualtat de G\u00e8nere, ha dissenyat una setmana amb diferents activitats per a tots els p\u00fablics per donar visibilitat al Dia de l&#8217;Orgull LGBTQIA+ i reivindicar i celebrar la diversitat que ens enriqueix com a poble. PROGRAMACI\u00d3: Dilluns, 23 de juny. Contacontes: \u2018Dos [&hellip;]<\/p>\n","protected":false},"author":9,"featured_media":275539,"comment_status":"closed","ping_status":"closed","sticky":false,"template":"","format":"standard","meta":{"_et_pb_use_builder":"","_et_pb_old_content":"","_et_gb_content_width":"","footnotes":""},"categories":[1635,1103],"tags":[],"wf_post_folders":[],"class_list":["post-275550","post","type-post","status-publish","format-standard","has-post-thumbnail","hentry","category-igualtat","category-igualtat-de-genere"],"_links":{"self":[{"href":"https:\/\/museros.org\/inici\/wp-json\/wp\/v2\/posts\/275550","targetHints":{"allow":["GET"]}}],"collection":[{"href":"https:\/\/museros.org\/inici\/wp-json\/wp\/v2\/posts"}],"about":[{"href":"https:\/\/museros.org\/inici\/wp-json\/wp\/v2\/types\/post"}],"author":[{"embeddable":true,"href":"https:\/\/museros.org\/inici\/wp-json\/wp\/v2\/users\/9"}],"replies":[{"embeddable":true,"href":"https:\/\/museros.org\/inici\/wp-json\/wp\/v2\/comments?post=275550"}],"version-history":[{"count":2,"href":"https:\/\/museros.org\/inici\/wp-json\/wp\/v2\/posts\/275550\/revisions"}],"predecessor-version":[{"id":275690,"href":"https:\/\/museros.org\/inici\/wp-json\/wp\/v2\/posts\/275550\/revisions\/275690"}],"wp:featuredmedia":[{"embeddable":true,"href":"https:\/\/museros.org\/inici\/wp-json\/wp\/v2\/media\/275539"}],"wp:attachment":[{"href":"https:\/\/museros.org\/inici\/wp-json\/wp\/v2\/media?parent=275550"}],"wp:term":[{"taxonomy":"category","embeddable":true,"href":"https:\/\/museros.org\/inici\/wp-json\/wp\/v2\/categories?post=275550"},{"taxonomy":"post_tag","embeddable":true,"href":"https:\/\/museros.org\/inici\/wp-json\/wp\/v2\/tags?post=275550"},{"taxonomy":"wf_post_folders","embeddable":true,"href":"https:\/\/museros.org\/inici\/wp-json\/wp\/v2\/wf_post_folders?post=275550"}],"curies":[{"name":"wp","href":"https:\/\/api.w.org\/{rel}","templated":true}]}}