{"id":275136,"date":"2025-06-02T17:06:23","date_gmt":"2025-06-02T17:06:23","guid":{"rendered":"https:\/\/museros.org\/inici\/?p=275136"},"modified":"2025-06-02T17:06:23","modified_gmt":"2025-06-02T17:06:23","slug":"conversando-con-gemma-pasqual","status":"publish","type":"post","link":"https:\/\/museros.org\/inici\/es\/conversando-con-gemma-pasqual\/","title":{"rendered":"Conversando con Gemma Pasqual"},"content":{"rendered":"<p>Un centenar de alumnos del IES Museros y de La Masia tuvieron la oportunidad el viernes de conversar con Gemma Pasqual, una de las voces m\u00e1s relevantes de la literatura juvenil actual, Premio Cultura Museros 2024, en la Casa de Cultura de nuestra poblaci\u00f3n, en un acto organizado por la Concejal\u00eda de Cultura y Promoci\u00f3n Ling\u00fc\u00edstica del Ayuntamiento de Museros.<br \/>\nHablaron con la autora de \u2018L\u2019\u00faltim vaixell\u2019 y de \u2018La Mosca\u2019, dos obras que hab\u00eda le\u00eddo y que sirvieron para abordar el acoso escolar y reflexionar sobre la guerra y la paz. La autora, adem\u00e1s, explic\u00f3 c\u00f3mo es su d\u00eda a d\u00eda como escritora profesionalizada y su proceso creativo.<br \/>\nUn acto muy enriquecedor, que termin\u00f3 con la firma de los libros de los asistentes.<\/p>\n","protected":false},"excerpt":{"rendered":"<p>Un centenar de alumnos del IES Museros y de La Masia tuvieron la oportunidad el viernes de conversar con Gemma Pasqual, una de las voces m\u00e1s relevantes de la literatura juvenil actual<\/p>\n","protected":false},"author":8,"featured_media":275133,"comment_status":"closed","ping_status":"closed","sticky":false,"template":"","format":"standard","meta":{"_et_pb_use_builder":"","_et_pb_old_content":"","_et_gb_content_width":"","footnotes":""},"categories":[1283],"tags":[],"wf_post_folders":[1285],"class_list":["post-275136","post","type-post","status-publish","format-standard","has-post-thumbnail","hentry","category-cultura"],"_links":{"self":[{"href":"https:\/\/museros.org\/inici\/wp-json\/wp\/v2\/posts\/275136","targetHints":{"allow":["GET"]}}],"collection":[{"href":"https:\/\/museros.org\/inici\/wp-json\/wp\/v2\/posts"}],"about":[{"href":"https:\/\/museros.org\/inici\/wp-json\/wp\/v2\/types\/post"}],"author":[{"embeddable":true,"href":"https:\/\/museros.org\/inici\/wp-json\/wp\/v2\/users\/8"}],"replies":[{"embeddable":true,"href":"https:\/\/museros.org\/inici\/wp-json\/wp\/v2\/comments?post=275136"}],"version-history":[{"count":1,"href":"https:\/\/museros.org\/inici\/wp-json\/wp\/v2\/posts\/275136\/revisions"}],"predecessor-version":[{"id":275137,"href":"https:\/\/museros.org\/inici\/wp-json\/wp\/v2\/posts\/275136\/revisions\/275137"}],"wp:featuredmedia":[{"embeddable":true,"href":"https:\/\/museros.org\/inici\/wp-json\/wp\/v2\/media\/275133"}],"wp:attachment":[{"href":"https:\/\/museros.org\/inici\/wp-json\/wp\/v2\/media?parent=275136"}],"wp:term":[{"taxonomy":"category","embeddable":true,"href":"https:\/\/museros.org\/inici\/wp-json\/wp\/v2\/categories?post=275136"},{"taxonomy":"post_tag","embeddable":true,"href":"https:\/\/museros.org\/inici\/wp-json\/wp\/v2\/tags?post=275136"},{"taxonomy":"wf_post_folders","embeddable":true,"href":"https:\/\/museros.org\/inici\/wp-json\/wp\/v2\/wf_post_folders?post=275136"}],"curies":[{"name":"wp","href":"https:\/\/api.w.org\/{rel}","templated":true}]}}