{"id":275134,"date":"2025-06-02T17:05:33","date_gmt":"2025-06-02T17:05:33","guid":{"rendered":"https:\/\/museros.org\/inici\/?p=275134"},"modified":"2025-06-02T17:05:33","modified_gmt":"2025-06-02T17:05:33","slug":"conversant-amb-gemma-pasqual","status":"publish","type":"post","link":"https:\/\/museros.org\/inici\/conversant-amb-gemma-pasqual\/","title":{"rendered":"Conversant amb Gemma Pasqual"},"content":{"rendered":"<p>Un centenar d\u2019alumnes de l\u2019IES Museros i de La Masia van tindre l\u2019oportunitat el divendres de conversar amb Gemma Pasqual, una de les veus m\u00e9s rellevants de la literatura juvenil actual, Premi Cultura Museros 2024, a la Casa de Cultura de la nostra poblaci\u00f3, en un acte organitzat per la Regidoria de Cultura i Promoci\u00f3 Ling\u00fc\u00edstica de l\u2019Ajuntament de Museros.<br \/>\nVan parlar amb l\u2019autora de \u2018L\u2019\u00faltim vaixell\u2019 i de \u2018La Mosca\u2019, dues obres que havien llegit i que van servir per a abordar l\u2019assetjament escolar i reflexionar sobre la guerra i la pau. L\u2019autora, a m\u00e9s, va explicar com \u00e9s el seu dia a dia com a escriptora professionalitzada i el seu proc\u00e9s creatiu.<br \/>\nUn acte molt enriquidor, que va acabar amb la signatura dels llibres dels assistents.<\/p>\n","protected":false},"excerpt":{"rendered":"<p>Un centenar d\u2019alumnes de l\u2019IES Museros i de La Masia van tindre l\u2019oportunitat el divendres de conversar amb Gemma Pasqual, una de les veus m\u00e9s rellevants de la literatura juvenil actual<\/p>\n","protected":false},"author":8,"featured_media":275133,"comment_status":"closed","ping_status":"closed","sticky":false,"template":"","format":"standard","meta":{"_et_pb_use_builder":"","_et_pb_old_content":"","_et_gb_content_width":"","footnotes":""},"categories":[1262],"tags":[],"wf_post_folders":[1285],"class_list":["post-275134","post","type-post","status-publish","format-standard","has-post-thumbnail","hentry","category-cultura-va"],"_links":{"self":[{"href":"https:\/\/museros.org\/inici\/wp-json\/wp\/v2\/posts\/275134","targetHints":{"allow":["GET"]}}],"collection":[{"href":"https:\/\/museros.org\/inici\/wp-json\/wp\/v2\/posts"}],"about":[{"href":"https:\/\/museros.org\/inici\/wp-json\/wp\/v2\/types\/post"}],"author":[{"embeddable":true,"href":"https:\/\/museros.org\/inici\/wp-json\/wp\/v2\/users\/8"}],"replies":[{"embeddable":true,"href":"https:\/\/museros.org\/inici\/wp-json\/wp\/v2\/comments?post=275134"}],"version-history":[{"count":1,"href":"https:\/\/museros.org\/inici\/wp-json\/wp\/v2\/posts\/275134\/revisions"}],"predecessor-version":[{"id":275135,"href":"https:\/\/museros.org\/inici\/wp-json\/wp\/v2\/posts\/275134\/revisions\/275135"}],"wp:featuredmedia":[{"embeddable":true,"href":"https:\/\/museros.org\/inici\/wp-json\/wp\/v2\/media\/275133"}],"wp:attachment":[{"href":"https:\/\/museros.org\/inici\/wp-json\/wp\/v2\/media?parent=275134"}],"wp:term":[{"taxonomy":"category","embeddable":true,"href":"https:\/\/museros.org\/inici\/wp-json\/wp\/v2\/categories?post=275134"},{"taxonomy":"post_tag","embeddable":true,"href":"https:\/\/museros.org\/inici\/wp-json\/wp\/v2\/tags?post=275134"},{"taxonomy":"wf_post_folders","embeddable":true,"href":"https:\/\/museros.org\/inici\/wp-json\/wp\/v2\/wf_post_folders?post=275134"}],"curies":[{"name":"wp","href":"https:\/\/api.w.org\/{rel}","templated":true}]}}