{"id":274496,"date":"2025-05-26T15:40:26","date_gmt":"2025-05-26T15:40:26","guid":{"rendered":"https:\/\/museros.org\/inici\/?p=274496"},"modified":"2025-05-26T15:40:26","modified_gmt":"2025-05-26T15:40:26","slug":"trobada-de-clubs-de-lectura-2","status":"publish","type":"post","link":"https:\/\/museros.org\/inici\/es\/trobada-de-clubs-de-lectura-2\/","title":{"rendered":"Trobada de Clubs de Lectura"},"content":{"rendered":"<p>El pasado viernes cerca de un centenar de personas participaron la Trobada de Clubs de Lectura de les biblioteques de la l\u00ednia 3 de Metrovalencia que tuvo lugar en Museros.<\/p>\n<p>La sesi\u00f3n fue protagonizada por Gemma Pasqual, vecina de nuestra poblaci\u00f3n y una de las voces m\u00e1s relevantes de la literatura en valenciano actual, y Carme Navarro, otra figura imprescindible de nuestro ecosistema literario. Debatimos sobre la obra \u2018Viure Perillosament\u2019, que nos invita a reflexionar sobre la memoria colectiva, las heridas abiertas del pasado y la importancia de no olvidar para poder avanzar, pero tambi\u00e9n a conocer curiosidades de grandes artistas de todas las \u00e9pocas.<\/p>\n<p>Una sesi\u00f3n muy enriquecedora y divertida que pudimos compartir con el vecindario de Museros y de poblaciones como Alboraya, Alm\u00e0ssera, Meliana, Foios, Albalat dels Sorells, Massamagrell, La Puebla y Rafelbunyol. Os dejamos unas im\u00e1genes de este acto.<\/p>\n","protected":false},"excerpt":{"rendered":"<p>El pasado viernes cerca de un centenar de personas participaron la Trobada de Clubs de Lectura de les biblioteques de la l\u00ednia 3 de Metrovalencia que tuvo lugar en Museros.<\/p>\n","protected":false},"author":8,"featured_media":274491,"comment_status":"closed","ping_status":"closed","sticky":false,"template":"","format":"standard","meta":{"_et_pb_use_builder":"","_et_pb_old_content":"","_et_gb_content_width":"","footnotes":""},"categories":[1745],"tags":[],"wf_post_folders":[1285],"class_list":["post-274496","post","type-post","status-publish","format-standard","has-post-thumbnail","hentry","category-promocion-linguistica"],"_links":{"self":[{"href":"https:\/\/museros.org\/inici\/wp-json\/wp\/v2\/posts\/274496","targetHints":{"allow":["GET"]}}],"collection":[{"href":"https:\/\/museros.org\/inici\/wp-json\/wp\/v2\/posts"}],"about":[{"href":"https:\/\/museros.org\/inici\/wp-json\/wp\/v2\/types\/post"}],"author":[{"embeddable":true,"href":"https:\/\/museros.org\/inici\/wp-json\/wp\/v2\/users\/8"}],"replies":[{"embeddable":true,"href":"https:\/\/museros.org\/inici\/wp-json\/wp\/v2\/comments?post=274496"}],"version-history":[{"count":1,"href":"https:\/\/museros.org\/inici\/wp-json\/wp\/v2\/posts\/274496\/revisions"}],"predecessor-version":[{"id":274497,"href":"https:\/\/museros.org\/inici\/wp-json\/wp\/v2\/posts\/274496\/revisions\/274497"}],"wp:featuredmedia":[{"embeddable":true,"href":"https:\/\/museros.org\/inici\/wp-json\/wp\/v2\/media\/274491"}],"wp:attachment":[{"href":"https:\/\/museros.org\/inici\/wp-json\/wp\/v2\/media?parent=274496"}],"wp:term":[{"taxonomy":"category","embeddable":true,"href":"https:\/\/museros.org\/inici\/wp-json\/wp\/v2\/categories?post=274496"},{"taxonomy":"post_tag","embeddable":true,"href":"https:\/\/museros.org\/inici\/wp-json\/wp\/v2\/tags?post=274496"},{"taxonomy":"wf_post_folders","embeddable":true,"href":"https:\/\/museros.org\/inici\/wp-json\/wp\/v2\/wf_post_folders?post=274496"}],"curies":[{"name":"wp","href":"https:\/\/api.w.org\/{rel}","templated":true}]}}