{"id":274494,"date":"2025-05-26T15:39:20","date_gmt":"2025-05-26T15:39:20","guid":{"rendered":"https:\/\/museros.org\/inici\/?p=274494"},"modified":"2025-05-26T15:39:20","modified_gmt":"2025-05-26T15:39:20","slug":"trobada-de-clubs-de-lectura","status":"publish","type":"post","link":"https:\/\/museros.org\/inici\/trobada-de-clubs-de-lectura\/","title":{"rendered":"Trobada de Clubs de Lectura"},"content":{"rendered":"<p>El divendres passat vora un centenar de persones van participar en la Trobada de Clubs de Lectura de les biblioteques de la l\u00ednia 3 de Metrovalencia que va tindre lloc a Museros.<\/p>\n<p>La sessi\u00f3 fou protagonitzada per Gemma Pasqual, ve\u00efna de la nostra poblaci\u00f3 i una de les veus m\u00e9s rellevants de la literatura en valenci\u00e0 actual, i Carme Navarro, altra figura imprescindible del nostre ecosistema literari. Vam debatre sobre l\u2019obra \u2018Viure Perillosament\u2019, que ens convida a reflexionar sobre la mem\u00f2ria col\u00b7lectiva, les ferides obertes del passat i la import\u00e0ncia de no oblidar per a poder avan\u00e7ar, per\u00f2 tamb\u00e9 a con\u00e9ixer curiositats de grans artistes de totes les \u00e8poques.<\/p>\n<p>Una sessi\u00f3 molt enriquidora i divertida que pogu\u00e9rem compartir amb el ve\u00efnat de Museros i de poblacions com Alboraia, Alm\u00e0ssera, Meliana, Foios, Albalat dels Sorells, Massamagrell, La Pobla i Rafelbunyol. Vos deixem unes imatges d\u2019aquest acte.<\/p>\n","protected":false},"excerpt":{"rendered":"<p>El divendres passat vora un centenar de persones van participar en la Trobada de Clubs de Lectura de les biblioteques de la l\u00ednia 3 de Metrovalencia que va tindre lloc a Museros.<\/p>\n","protected":false},"author":8,"featured_media":274491,"comment_status":"closed","ping_status":"closed","sticky":false,"template":"","format":"standard","meta":{"_et_pb_use_builder":"","_et_pb_old_content":"","_et_gb_content_width":"","footnotes":""},"categories":[1743],"tags":[],"wf_post_folders":[1285],"class_list":["post-274494","post","type-post","status-publish","format-standard","has-post-thumbnail","hentry","category-promocio-linguistica"],"_links":{"self":[{"href":"https:\/\/museros.org\/inici\/wp-json\/wp\/v2\/posts\/274494","targetHints":{"allow":["GET"]}}],"collection":[{"href":"https:\/\/museros.org\/inici\/wp-json\/wp\/v2\/posts"}],"about":[{"href":"https:\/\/museros.org\/inici\/wp-json\/wp\/v2\/types\/post"}],"author":[{"embeddable":true,"href":"https:\/\/museros.org\/inici\/wp-json\/wp\/v2\/users\/8"}],"replies":[{"embeddable":true,"href":"https:\/\/museros.org\/inici\/wp-json\/wp\/v2\/comments?post=274494"}],"version-history":[{"count":1,"href":"https:\/\/museros.org\/inici\/wp-json\/wp\/v2\/posts\/274494\/revisions"}],"predecessor-version":[{"id":274495,"href":"https:\/\/museros.org\/inici\/wp-json\/wp\/v2\/posts\/274494\/revisions\/274495"}],"wp:featuredmedia":[{"embeddable":true,"href":"https:\/\/museros.org\/inici\/wp-json\/wp\/v2\/media\/274491"}],"wp:attachment":[{"href":"https:\/\/museros.org\/inici\/wp-json\/wp\/v2\/media?parent=274494"}],"wp:term":[{"taxonomy":"category","embeddable":true,"href":"https:\/\/museros.org\/inici\/wp-json\/wp\/v2\/categories?post=274494"},{"taxonomy":"post_tag","embeddable":true,"href":"https:\/\/museros.org\/inici\/wp-json\/wp\/v2\/tags?post=274494"},{"taxonomy":"wf_post_folders","embeddable":true,"href":"https:\/\/museros.org\/inici\/wp-json\/wp\/v2\/wf_post_folders?post=274494"}],"curies":[{"name":"wp","href":"https:\/\/api.w.org\/{rel}","templated":true}]}}