{"id":274409,"date":"2025-05-20T16:39:57","date_gmt":"2025-05-20T16:39:57","guid":{"rendered":"https:\/\/museros.org\/inici\/?p=274409"},"modified":"2025-05-20T16:39:57","modified_gmt":"2025-05-20T16:39:57","slug":"en-valencia-2","status":"publish","type":"post","link":"https:\/\/museros.org\/inici\/es\/en-valencia-2\/","title":{"rendered":"En valenci\u00e0"},"content":{"rendered":"<p>M\u00e1s de un centenar de ni\u00f1as, ni\u00f1os y vecindario de Museros han participado esta ma\u00f1ana en la campa\u00f1a \u201cEn valenci\u00e0\u201d, organizada por la Acad\u00e8mia Valenciana de la Llengua (AVL) con la colaboraci\u00f3n de la Concejal\u00eda de Promoci\u00f3n Ling\u00fc\u00edstica del Ayuntamiento de Museros y su Oficina AVIVA.<\/p>\n<p>Alumnado de sexto del CEIP Vicente Blasco Ib\u00e1\u00f1ez de Museros, y de quinto y sexto del centro educativo La Masia han visitado el stand situado en la plaza del Castell y han jugado y aprendido con nuestra lengua a trav\u00e9s de sopas de letras, palabras cruzadas y pasapalabra. El p\u00fablico que lo ha deseado tambi\u00e9n ha podido participar y ganar diferentes premios, siempre con el valenciano como protagonista.<\/p>\n<p>Esta iniciativa tiene por objetivo fomentar el uso del valenciano de forma l\u00fadica. Adem\u00e1s de divertirse, los y las participantes han aprendido nuevas palabras.<\/p>\n<p>\u00a1Amamos el valenciano!<\/p>\n","protected":false},"excerpt":{"rendered":"<p>M\u00e1s de un centenar de ni\u00f1as, ni\u00f1os y vecindario de Museros han participado esta ma\u00f1ana en la campa\u00f1a \u201cEn valenci\u00e0\u201d, organizada por la Acad\u00e8mia Valenciana de la Llengua (AVL) con la colaboraci\u00f3n de la Concejal\u00eda de Promoci\u00f3n Ling\u00fc\u00edstica del Ayuntamiento de Museros y su Oficina AVIVA.<\/p>\n","protected":false},"author":8,"featured_media":274406,"comment_status":"closed","ping_status":"closed","sticky":false,"template":"","format":"standard","meta":{"_et_pb_use_builder":"","_et_pb_old_content":"","_et_gb_content_width":"","footnotes":""},"categories":[1745],"tags":[],"wf_post_folders":[1285],"class_list":["post-274409","post","type-post","status-publish","format-standard","has-post-thumbnail","hentry","category-promocion-linguistica"],"_links":{"self":[{"href":"https:\/\/museros.org\/inici\/wp-json\/wp\/v2\/posts\/274409","targetHints":{"allow":["GET"]}}],"collection":[{"href":"https:\/\/museros.org\/inici\/wp-json\/wp\/v2\/posts"}],"about":[{"href":"https:\/\/museros.org\/inici\/wp-json\/wp\/v2\/types\/post"}],"author":[{"embeddable":true,"href":"https:\/\/museros.org\/inici\/wp-json\/wp\/v2\/users\/8"}],"replies":[{"embeddable":true,"href":"https:\/\/museros.org\/inici\/wp-json\/wp\/v2\/comments?post=274409"}],"version-history":[{"count":1,"href":"https:\/\/museros.org\/inici\/wp-json\/wp\/v2\/posts\/274409\/revisions"}],"predecessor-version":[{"id":274410,"href":"https:\/\/museros.org\/inici\/wp-json\/wp\/v2\/posts\/274409\/revisions\/274410"}],"wp:featuredmedia":[{"embeddable":true,"href":"https:\/\/museros.org\/inici\/wp-json\/wp\/v2\/media\/274406"}],"wp:attachment":[{"href":"https:\/\/museros.org\/inici\/wp-json\/wp\/v2\/media?parent=274409"}],"wp:term":[{"taxonomy":"category","embeddable":true,"href":"https:\/\/museros.org\/inici\/wp-json\/wp\/v2\/categories?post=274409"},{"taxonomy":"post_tag","embeddable":true,"href":"https:\/\/museros.org\/inici\/wp-json\/wp\/v2\/tags?post=274409"},{"taxonomy":"wf_post_folders","embeddable":true,"href":"https:\/\/museros.org\/inici\/wp-json\/wp\/v2\/wf_post_folders?post=274409"}],"curies":[{"name":"wp","href":"https:\/\/api.w.org\/{rel}","templated":true}]}}