{"id":274407,"date":"2025-05-20T16:38:50","date_gmt":"2025-05-20T16:38:50","guid":{"rendered":"https:\/\/museros.org\/inici\/?p=274407"},"modified":"2025-05-20T16:38:50","modified_gmt":"2025-05-20T16:38:50","slug":"en-valencia","status":"publish","type":"post","link":"https:\/\/museros.org\/inici\/en-valencia\/","title":{"rendered":"En valenci\u00e0"},"content":{"rendered":"<p>M\u00e9s d\u2019un centenar de xiquetes, xiquets i ve\u00efnat de Museros han participat aquest mat\u00ed en la campanya \u201cEn valenci\u00e0\u201d, organitzada per l\u2019Acad\u00e8mia Valenciana de la Llengua (AVL) amb la col\u00b7laboraci\u00f3 de la Regidoria de Promoci\u00f3 Ling\u00fc\u00edstica de l\u2019Ajuntament de Museros i la seua Oficina AVIVA.<\/p>\n<p>Alumnes de sis\u00e9 del CEIP Vicente Blasco Ib\u00e1\u00f1ez de Museros, i de cinqu\u00e9 i sis\u00e9 del centre educatiu La Masia han visitat l\u2019envelat situat a la pla\u00e7a del Castell i han jugat i apr\u00e9s amb la nostra llengua a trav\u00e9s de sopes de lletres, paraules encreuades i rodaparaules. El p\u00fablic que ho ha desitjat tamb\u00e9 ha pogut participar i guanyar diferents premis, sempre amb el valenci\u00e0 com a protagonista.<\/p>\n<p>Aquesta iniciativa t\u00e9 per objectiu fomentar l\u2019\u00fas del valenci\u00e0 de forma l\u00fadica. A m\u00e9s de divertir-se, els i les participants han apr\u00e9s noves paraules.<\/p>\n<p>Estimem el valenci\u00e0!<\/p>\n","protected":false},"excerpt":{"rendered":"<p>M\u00e9s d\u2019un centenar de xiquetes, xiquets i ve\u00efnat de Museros han participat aquest mat\u00ed en la campanya \u201cEn valenci\u00e0\u201d, organitzada per l\u2019Acad\u00e8mia Valenciana de la Llengua (AVL) amb la col\u00b7laboraci\u00f3 de la Regidoria de Promoci\u00f3 Ling\u00fc\u00edstica de l\u2019Ajuntament de Museros i la seua Oficina AVIVA.<\/p>\n","protected":false},"author":8,"featured_media":274406,"comment_status":"closed","ping_status":"closed","sticky":false,"template":"","format":"standard","meta":{"_et_pb_use_builder":"","_et_pb_old_content":"","_et_gb_content_width":"","footnotes":""},"categories":[1743],"tags":[],"wf_post_folders":[1285],"class_list":["post-274407","post","type-post","status-publish","format-standard","has-post-thumbnail","hentry","category-promocio-linguistica"],"_links":{"self":[{"href":"https:\/\/museros.org\/inici\/wp-json\/wp\/v2\/posts\/274407","targetHints":{"allow":["GET"]}}],"collection":[{"href":"https:\/\/museros.org\/inici\/wp-json\/wp\/v2\/posts"}],"about":[{"href":"https:\/\/museros.org\/inici\/wp-json\/wp\/v2\/types\/post"}],"author":[{"embeddable":true,"href":"https:\/\/museros.org\/inici\/wp-json\/wp\/v2\/users\/8"}],"replies":[{"embeddable":true,"href":"https:\/\/museros.org\/inici\/wp-json\/wp\/v2\/comments?post=274407"}],"version-history":[{"count":1,"href":"https:\/\/museros.org\/inici\/wp-json\/wp\/v2\/posts\/274407\/revisions"}],"predecessor-version":[{"id":274408,"href":"https:\/\/museros.org\/inici\/wp-json\/wp\/v2\/posts\/274407\/revisions\/274408"}],"wp:featuredmedia":[{"embeddable":true,"href":"https:\/\/museros.org\/inici\/wp-json\/wp\/v2\/media\/274406"}],"wp:attachment":[{"href":"https:\/\/museros.org\/inici\/wp-json\/wp\/v2\/media?parent=274407"}],"wp:term":[{"taxonomy":"category","embeddable":true,"href":"https:\/\/museros.org\/inici\/wp-json\/wp\/v2\/categories?post=274407"},{"taxonomy":"post_tag","embeddable":true,"href":"https:\/\/museros.org\/inici\/wp-json\/wp\/v2\/tags?post=274407"},{"taxonomy":"wf_post_folders","embeddable":true,"href":"https:\/\/museros.org\/inici\/wp-json\/wp\/v2\/wf_post_folders?post=274407"}],"curies":[{"name":"wp","href":"https:\/\/api.w.org\/{rel}","templated":true}]}}