{"id":274304,"date":"2025-05-19T12:53:42","date_gmt":"2025-05-19T12:53:42","guid":{"rendered":"https:\/\/museros.org\/inici\/?p=274304"},"modified":"2025-05-19T12:53:42","modified_gmt":"2025-05-19T12:53:42","slug":"charla-formativa","status":"publish","type":"post","link":"https:\/\/museros.org\/inici\/es\/charla-formativa\/","title":{"rendered":"Charla formativa"},"content":{"rendered":"<p>El Ayuntamiento de Museros, a trav\u00e9s de la Concejal\u00eda de Transici\u00f3n Ecol\u00f3gica y Consumo Responsable, ha organizado una charla formativa en materia de gesti\u00f3n de las colonias felinas para la asociaci\u00f3n que se encarga de este servicio en el municipio: Progatmus.<\/p>\n<p>El taller formativo, de 3 h de duraci\u00f3n, tuvo lugar en el ayuntamiento de Museros el pasado 10 de mayo y fue impartido por una veterinaria profesional que nos mostr\u00f3 la legislaci\u00f3n aplicable al respecto y dio consejos para la buena gesti\u00f3n de las colonias de gatos ferales.<\/p>\n","protected":false},"excerpt":{"rendered":"<p>El Ayuntamiento de Museros, a trav\u00e9s de la Concejal\u00eda de Transici\u00f3n Ecol\u00f3gica y Consumo Responsable, ha organizado una charla formativa en materia de gesti\u00f3n de las colonias felinas para la asociaci\u00f3n que se encarga de este servicio en el municipio: Progatmus.<\/p>\n","protected":false},"author":8,"featured_media":274299,"comment_status":"closed","ping_status":"closed","sticky":false,"template":"","format":"standard","meta":{"_et_pb_use_builder":"","_et_pb_old_content":"","_et_gb_content_width":"","footnotes":""},"categories":[1465],"tags":[],"wf_post_folders":[1464],"class_list":["post-274304","post","type-post","status-publish","format-standard","has-post-thumbnail","hentry","category-medio-ambiente"],"_links":{"self":[{"href":"https:\/\/museros.org\/inici\/wp-json\/wp\/v2\/posts\/274304","targetHints":{"allow":["GET"]}}],"collection":[{"href":"https:\/\/museros.org\/inici\/wp-json\/wp\/v2\/posts"}],"about":[{"href":"https:\/\/museros.org\/inici\/wp-json\/wp\/v2\/types\/post"}],"author":[{"embeddable":true,"href":"https:\/\/museros.org\/inici\/wp-json\/wp\/v2\/users\/8"}],"replies":[{"embeddable":true,"href":"https:\/\/museros.org\/inici\/wp-json\/wp\/v2\/comments?post=274304"}],"version-history":[{"count":1,"href":"https:\/\/museros.org\/inici\/wp-json\/wp\/v2\/posts\/274304\/revisions"}],"predecessor-version":[{"id":274305,"href":"https:\/\/museros.org\/inici\/wp-json\/wp\/v2\/posts\/274304\/revisions\/274305"}],"wp:featuredmedia":[{"embeddable":true,"href":"https:\/\/museros.org\/inici\/wp-json\/wp\/v2\/media\/274299"}],"wp:attachment":[{"href":"https:\/\/museros.org\/inici\/wp-json\/wp\/v2\/media?parent=274304"}],"wp:term":[{"taxonomy":"category","embeddable":true,"href":"https:\/\/museros.org\/inici\/wp-json\/wp\/v2\/categories?post=274304"},{"taxonomy":"post_tag","embeddable":true,"href":"https:\/\/museros.org\/inici\/wp-json\/wp\/v2\/tags?post=274304"},{"taxonomy":"wf_post_folders","embeddable":true,"href":"https:\/\/museros.org\/inici\/wp-json\/wp\/v2\/wf_post_folders?post=274304"}],"curies":[{"name":"wp","href":"https:\/\/api.w.org\/{rel}","templated":true}]}}