{"id":274300,"date":"2025-05-19T12:51:03","date_gmt":"2025-05-19T12:51:03","guid":{"rendered":"https:\/\/museros.org\/inici\/?p=274300"},"modified":"2025-05-19T12:51:03","modified_gmt":"2025-05-19T12:51:03","slug":"xarrada-formativa","status":"publish","type":"post","link":"https:\/\/museros.org\/inici\/xarrada-formativa\/","title":{"rendered":"Xarrada formativa"},"content":{"rendered":"<p>L&#8217;Ajuntament de Museros, a trav\u00e9s de la Regidoria de Transici\u00f3 Ecol\u00f2gica i Consum Responsable, ha organitzat una xarrada formativa en mat\u00e8ria de gesti\u00f3 de les col\u00f2nies felines per a l&#8217;associaci\u00f3 que s&#8217;encarrega d&#8217;aquest servei en el municipi: Progatmus.<\/p>\n<p>El taller formatiu, de 3 h de duraci\u00f3, va tindre lloc a l&#8217;ajuntament de Museros el passat 10 de maig i va ser impartit per una veterin\u00e0ria professional que ens va mostrar la legislaci\u00f3 aplicable sobre aquest tema i va donar consells per a la bona gesti\u00f3 de les col\u00f2nies de gats ferals.<\/p>\n","protected":false},"excerpt":{"rendered":"<p>L&#8217;Ajuntament de Museros, a trav\u00e9s de la Regidoria de Transici\u00f3 Ecol\u00f2gica i Consum Responsable, ha organitzat una xarrada formativa en mat\u00e8ria de gesti\u00f3 de les col\u00f2nies felines per a l&#8217;associaci\u00f3 que s&#8217;encarrega d&#8217;aquest servei en el municipi: Progatmus.<\/p>\n","protected":false},"author":8,"featured_media":274299,"comment_status":"closed","ping_status":"closed","sticky":false,"template":"","format":"standard","meta":{"_et_pb_use_builder":"","_et_pb_old_content":"","_et_gb_content_width":"","footnotes":""},"categories":[1462],"tags":[],"wf_post_folders":[1464],"class_list":["post-274300","post","type-post","status-publish","format-standard","has-post-thumbnail","hentry","category-medi-ambient"],"_links":{"self":[{"href":"https:\/\/museros.org\/inici\/wp-json\/wp\/v2\/posts\/274300","targetHints":{"allow":["GET"]}}],"collection":[{"href":"https:\/\/museros.org\/inici\/wp-json\/wp\/v2\/posts"}],"about":[{"href":"https:\/\/museros.org\/inici\/wp-json\/wp\/v2\/types\/post"}],"author":[{"embeddable":true,"href":"https:\/\/museros.org\/inici\/wp-json\/wp\/v2\/users\/8"}],"replies":[{"embeddable":true,"href":"https:\/\/museros.org\/inici\/wp-json\/wp\/v2\/comments?post=274300"}],"version-history":[{"count":1,"href":"https:\/\/museros.org\/inici\/wp-json\/wp\/v2\/posts\/274300\/revisions"}],"predecessor-version":[{"id":274301,"href":"https:\/\/museros.org\/inici\/wp-json\/wp\/v2\/posts\/274300\/revisions\/274301"}],"wp:featuredmedia":[{"embeddable":true,"href":"https:\/\/museros.org\/inici\/wp-json\/wp\/v2\/media\/274299"}],"wp:attachment":[{"href":"https:\/\/museros.org\/inici\/wp-json\/wp\/v2\/media?parent=274300"}],"wp:term":[{"taxonomy":"category","embeddable":true,"href":"https:\/\/museros.org\/inici\/wp-json\/wp\/v2\/categories?post=274300"},{"taxonomy":"post_tag","embeddable":true,"href":"https:\/\/museros.org\/inici\/wp-json\/wp\/v2\/tags?post=274300"},{"taxonomy":"wf_post_folders","embeddable":true,"href":"https:\/\/museros.org\/inici\/wp-json\/wp\/v2\/wf_post_folders?post=274300"}],"curies":[{"name":"wp","href":"https:\/\/api.w.org\/{rel}","templated":true}]}}