{"id":274279,"date":"2025-05-15T17:18:02","date_gmt":"2025-05-15T17:18:02","guid":{"rendered":"https:\/\/museros.org\/inici\/?p=274279"},"modified":"2025-05-15T17:18:02","modified_gmt":"2025-05-15T17:18:02","slug":"espill-de-jaume-roig-2","status":"publish","type":"post","link":"https:\/\/museros.org\/inici\/es\/espill-de-jaume-roig-2\/","title":{"rendered":"\u2018Espill\u2019 de Jaume Roig"},"content":{"rendered":"<p>El pasado mi\u00e9rcoles 7 de mayo m\u00e1s de un centenar de alumnos de 3.\u00ba y 4.\u00ba de ESO de la IES de Museros disfrutaron y aprendieron con la obra teatral \u2018Espill\u2019 de Jaume Roig, una de las piezas m\u00e1s importantes de nuestra literatura medieval.<\/p>\n<p>Con la adaptaci\u00f3n teatral realizada por Anna Mar\u00ed, fiel al original, se da voz y cuerpo a los personajes que forman parte del universo del narrador. El resultado fue un espect\u00e1culo muy fresco, divertido y atrevido que nos aproxim\u00f3 a una de las novelas m\u00e1s brillantes y disparatadas de todos los tiempos, y que puso encima de la mesa los conflictos de g\u00e9nero desde la Edad Media hasta nuestros d\u00edas. Una vez finalizada la obra, hubo un coloquio en el cual los y las asistentes reflexionaron con los miembros de la compa\u00f1\u00eda sobre la misoginia y el siglo de oro de las letras valencianas.<\/p>\n<p>Esta actividad ha sido organizada por la Concejal\u00eda de Cultura del Ayuntamiento de Museros con la colaboraci\u00f3n del SARC, Servicio de Asistencia y Recursos Culturales del \u00e1rea de Cultura de la Diputaci\u00f3 de Val\u00e8ncia. Os dejamos unas im\u00e1genes del espect\u00e1culo.<\/p>\n","protected":false},"excerpt":{"rendered":"<p>El pasado mi\u00e9rcoles 7 de mayo m\u00e1s de un centenar de alumnos de 3.\u00ba y 4.\u00ba de ESO de la IES de Museros disfrutaron y aprendieron con la obra teatral \u2018Espill\u2019 de Jaume Roig, una de las piezas m\u00e1s importantes de nuestra literatura medieval.<\/p>\n","protected":false},"author":8,"featured_media":274276,"comment_status":"closed","ping_status":"closed","sticky":false,"template":"","format":"standard","meta":{"_et_pb_use_builder":"","_et_pb_old_content":"","_et_gb_content_width":"","footnotes":""},"categories":[1283],"tags":[],"wf_post_folders":[1285],"class_list":["post-274279","post","type-post","status-publish","format-standard","has-post-thumbnail","hentry","category-cultura"],"_links":{"self":[{"href":"https:\/\/museros.org\/inici\/wp-json\/wp\/v2\/posts\/274279","targetHints":{"allow":["GET"]}}],"collection":[{"href":"https:\/\/museros.org\/inici\/wp-json\/wp\/v2\/posts"}],"about":[{"href":"https:\/\/museros.org\/inici\/wp-json\/wp\/v2\/types\/post"}],"author":[{"embeddable":true,"href":"https:\/\/museros.org\/inici\/wp-json\/wp\/v2\/users\/8"}],"replies":[{"embeddable":true,"href":"https:\/\/museros.org\/inici\/wp-json\/wp\/v2\/comments?post=274279"}],"version-history":[{"count":1,"href":"https:\/\/museros.org\/inici\/wp-json\/wp\/v2\/posts\/274279\/revisions"}],"predecessor-version":[{"id":274280,"href":"https:\/\/museros.org\/inici\/wp-json\/wp\/v2\/posts\/274279\/revisions\/274280"}],"wp:featuredmedia":[{"embeddable":true,"href":"https:\/\/museros.org\/inici\/wp-json\/wp\/v2\/media\/274276"}],"wp:attachment":[{"href":"https:\/\/museros.org\/inici\/wp-json\/wp\/v2\/media?parent=274279"}],"wp:term":[{"taxonomy":"category","embeddable":true,"href":"https:\/\/museros.org\/inici\/wp-json\/wp\/v2\/categories?post=274279"},{"taxonomy":"post_tag","embeddable":true,"href":"https:\/\/museros.org\/inici\/wp-json\/wp\/v2\/tags?post=274279"},{"taxonomy":"wf_post_folders","embeddable":true,"href":"https:\/\/museros.org\/inici\/wp-json\/wp\/v2\/wf_post_folders?post=274279"}],"curies":[{"name":"wp","href":"https:\/\/api.w.org\/{rel}","templated":true}]}}