{"id":274277,"date":"2025-05-15T17:16:41","date_gmt":"2025-05-15T17:16:41","guid":{"rendered":"https:\/\/museros.org\/inici\/?p=274277"},"modified":"2025-05-15T17:18:30","modified_gmt":"2025-05-15T17:18:30","slug":"espill-de-jaume-roig","status":"publish","type":"post","link":"https:\/\/museros.org\/inici\/espill-de-jaume-roig\/","title":{"rendered":"\u2018Espill\u2019 de Jaume Roig"},"content":{"rendered":"<p>El passat dimecres 7 de maig m\u00e9s d\u2019un centenar d\u2019alumnes de 3r i 4t d\u2019ESO de l&#8217;IES de Museros van gaudir i aprendre amb l\u2019obra teatral \u2018Espill\u2019, de Jaume Roig, una de les peces m\u00e9s importants de la nostra literatura medieval.<\/p>\n<p>Amb l\u2019adaptaci\u00f3 teatral realitzada per Anna Mar\u00ed, fidel a l&#8217;original, es dona veu i cos als diversos personatges que formen part de l&#8217;univers del narrador. El resultat va ser un espectacle molt fresc, divertit i atrevit que ens aproxim\u00e0 a una de les novel\u00b7les m\u00e9s brillants i destarifades de tots els temps, i que posa damunt la taula els conflictes de g\u00e8nere des de l&#8217;edat mitjana fins als nostres dies. Una vegada finalitzada l\u2019obra, hi hagu\u00e9 un col\u00b7loqui en qu\u00e8 els i les assistents van reflexionar amb els membres de la companyia sobre la misog\u00ednia i el segle d\u2019or de les lletres valencianes.<\/p>\n<p>Aquesta activitat ha estat organitzada per la Regidoria de Cultura de l\u2019Ajuntament de Museros amb la col\u00b7laboraci\u00f3 del SARC, Servei d&#8217;Assist\u00e8ncia i Recursos Culturals de l&#8217;\u00e0rea de Cultura de la Diputaci\u00f3 de Val\u00e8ncia. Vos deixem unes imatges de l&#8217;espectacle.<\/p>\n","protected":false},"excerpt":{"rendered":"<p>El passat dimecres 7 de maig m\u00e9s d\u2019un centenar d\u2019alumnes de 3r i 4t d\u2019ESO de l&#8217;IES de Museros van gaudir i aprendre amb l\u2019obra teatral \u2018Espill\u2019, de Jaume Roig, una de les peces m\u00e9s importants de la nostra literatura medieval.<\/p>\n","protected":false},"author":8,"featured_media":274276,"comment_status":"closed","ping_status":"closed","sticky":false,"template":"","format":"standard","meta":{"_et_pb_use_builder":"","_et_pb_old_content":"","_et_gb_content_width":"","footnotes":""},"categories":[1262],"tags":[],"wf_post_folders":[1285],"class_list":["post-274277","post","type-post","status-publish","format-standard","has-post-thumbnail","hentry","category-cultura-va"],"_links":{"self":[{"href":"https:\/\/museros.org\/inici\/wp-json\/wp\/v2\/posts\/274277","targetHints":{"allow":["GET"]}}],"collection":[{"href":"https:\/\/museros.org\/inici\/wp-json\/wp\/v2\/posts"}],"about":[{"href":"https:\/\/museros.org\/inici\/wp-json\/wp\/v2\/types\/post"}],"author":[{"embeddable":true,"href":"https:\/\/museros.org\/inici\/wp-json\/wp\/v2\/users\/8"}],"replies":[{"embeddable":true,"href":"https:\/\/museros.org\/inici\/wp-json\/wp\/v2\/comments?post=274277"}],"version-history":[{"count":1,"href":"https:\/\/museros.org\/inici\/wp-json\/wp\/v2\/posts\/274277\/revisions"}],"predecessor-version":[{"id":274278,"href":"https:\/\/museros.org\/inici\/wp-json\/wp\/v2\/posts\/274277\/revisions\/274278"}],"wp:featuredmedia":[{"embeddable":true,"href":"https:\/\/museros.org\/inici\/wp-json\/wp\/v2\/media\/274276"}],"wp:attachment":[{"href":"https:\/\/museros.org\/inici\/wp-json\/wp\/v2\/media?parent=274277"}],"wp:term":[{"taxonomy":"category","embeddable":true,"href":"https:\/\/museros.org\/inici\/wp-json\/wp\/v2\/categories?post=274277"},{"taxonomy":"post_tag","embeddable":true,"href":"https:\/\/museros.org\/inici\/wp-json\/wp\/v2\/tags?post=274277"},{"taxonomy":"wf_post_folders","embeddable":true,"href":"https:\/\/museros.org\/inici\/wp-json\/wp\/v2\/wf_post_folders?post=274277"}],"curies":[{"name":"wp","href":"https:\/\/api.w.org\/{rel}","templated":true}]}}