{"id":274201,"date":"2025-05-12T13:58:27","date_gmt":"2025-05-12T13:58:27","guid":{"rendered":"https:\/\/museros.org\/inici\/?p=274201"},"modified":"2025-05-13T06:13:36","modified_gmt":"2025-05-13T06:13:36","slug":"xi-feria-del-comercio-local","status":"publish","type":"post","link":"https:\/\/museros.org\/inici\/es\/xi-feria-del-comercio-local\/","title":{"rendered":"XI Feria del Comercio  Local"},"content":{"rendered":"<p>Museros ha celebrado el fin de semana del 10 y 11 de mayo su XI Feria de Comercio Local con un gran \u00e9xito de participaci\u00f3n. Un evento de dos d\u00edas organizado por la Concejal\u00eda de Comercio del Ayuntamiento de Museros junto con la Asociaci\u00f3n de Comerciantes CAMU, y la colaboraci\u00f3n de Caixa Popular. Esta propuesta se ha convertido en mucho m\u00e1s que un acto de venta, descuentos, promoci\u00f3n y exposici\u00f3n de los negocios de la poblaci\u00f3n, ya que a\u00fana una gran variedad de actividades para todos los p\u00fablicos, desde propuestas gastron\u00f3micas, m\u00fasica, actuaciones de humor, sorteos, regalos, manualidades e hinchables para los m\u00e1s peque\u00f1os.<\/p>\n<p>El acto de clausura corri\u00f3 a cargo del humorista \u00d3scar Tramoyeres, quien hizo re\u00edr a todas las personas asistentes, y la Societat Uni\u00f3 Musical de Museros, que con un pasacalle pusieron fin a la XI edici\u00f3n de la Feria del Comercio Local de Museros.<\/p>\n<p>Por otro lado, como muestra de solidaridad, se hizo el sorteo de 300 euros para ser utilizados en una agencia de viajes de Alfafar afectada por la dana y hermanada a Uni\u00f3n Gremial. La afortunada fue la vecina de Museros Mari Carmen Biot. Y tambi\u00e9n se sorte\u00f3 un jam\u00f3n por parte de la Societat Uni\u00f3 Musical de Museros y el Ayuntamiento de Museros.<\/p>\n<p>\u00ab\u00c9sta es una buena oportunidad para que los comercios nuevos se den a conocer y nos muestren sus productos, y los ya consolidados nos sigan ense\u00f1ando sus servicios y sus novedades\u00bb, explica Juan Jos\u00e9 Carri\u00f3n, concejal de Comercio. Por su parte, Cristina Civera, alcaldesa de Museros, apuesta \u00abpor convertir el fin de semana de la Feria en un gran evento l\u00fadico y de entretenimiento para toda la poblaci\u00f3n, adem\u00e1s de apoyar al tejido comercial de nuestro municipio\u00bb.<\/p>\n<p>Respecto a las propuestas gastron\u00f3micas, destaca el reparto de horchata y fartons el primer d\u00eda, y una degustaci\u00f3n de coca de llanda y otra de paella elaborada por la pe\u00f1a taurina La Por, el segundo d\u00eda. Adem\u00e1s de las actuaciones mencionadas, tambi\u00e9n disfrutamos con el d\u00fao Jaime y Coral, quienes amenizaron la cena de sobaquillo del s\u00e1bado con m\u00fasica de los 60,70, 80 y pop internacional; y un concierto de SUM Big band Museros el domingo. En otro orden de cosas, el primer d\u00eda se repartieron plantas en se\u00f1al de la llegada de la primavera. Y los comercios entregaron con las compras una bolsa con el lema: \u201cJo, amb el comer\u00e7 del meu poble\u201d.<\/p>\n","protected":false},"excerpt":{"rendered":"<p>Museros ha celebrado el fin de semana del 10 y 11 de mayo su XI Feria de Comercio Local con un gran \u00e9xito de participaci\u00f3n. Un evento de dos d\u00edas organizado por la Concejal\u00eda de Comercio del Ayuntamiento de Museros junto con la Asociaci\u00f3n de Comerciantes CAMU, y la colaboraci\u00f3n de Caixa Popular. Esta propuesta [&hellip;]<\/p>\n","protected":false},"author":9,"featured_media":274198,"comment_status":"closed","ping_status":"closed","sticky":false,"template":"","format":"standard","meta":{"_et_pb_use_builder":"","_et_pb_old_content":"","_et_gb_content_width":"","footnotes":""},"categories":[1800],"tags":[],"wf_post_folders":[264],"class_list":["post-274201","post","type-post","status-publish","format-standard","has-post-thumbnail","hentry","category-comercio"],"_links":{"self":[{"href":"https:\/\/museros.org\/inici\/wp-json\/wp\/v2\/posts\/274201","targetHints":{"allow":["GET"]}}],"collection":[{"href":"https:\/\/museros.org\/inici\/wp-json\/wp\/v2\/posts"}],"about":[{"href":"https:\/\/museros.org\/inici\/wp-json\/wp\/v2\/types\/post"}],"author":[{"embeddable":true,"href":"https:\/\/museros.org\/inici\/wp-json\/wp\/v2\/users\/9"}],"replies":[{"embeddable":true,"href":"https:\/\/museros.org\/inici\/wp-json\/wp\/v2\/comments?post=274201"}],"version-history":[{"count":1,"href":"https:\/\/museros.org\/inici\/wp-json\/wp\/v2\/posts\/274201\/revisions"}],"predecessor-version":[{"id":274202,"href":"https:\/\/museros.org\/inici\/wp-json\/wp\/v2\/posts\/274201\/revisions\/274202"}],"wp:featuredmedia":[{"embeddable":true,"href":"https:\/\/museros.org\/inici\/wp-json\/wp\/v2\/media\/274198"}],"wp:attachment":[{"href":"https:\/\/museros.org\/inici\/wp-json\/wp\/v2\/media?parent=274201"}],"wp:term":[{"taxonomy":"category","embeddable":true,"href":"https:\/\/museros.org\/inici\/wp-json\/wp\/v2\/categories?post=274201"},{"taxonomy":"post_tag","embeddable":true,"href":"https:\/\/museros.org\/inici\/wp-json\/wp\/v2\/tags?post=274201"},{"taxonomy":"wf_post_folders","embeddable":true,"href":"https:\/\/museros.org\/inici\/wp-json\/wp\/v2\/wf_post_folders?post=274201"}],"curies":[{"name":"wp","href":"https:\/\/api.w.org\/{rel}","templated":true}]}}