{"id":274194,"date":"2025-05-12T13:57:12","date_gmt":"2025-05-12T13:57:12","guid":{"rendered":"https:\/\/museros.org\/inici\/?p=274194"},"modified":"2025-05-12T13:57:12","modified_gmt":"2025-05-12T13:57:12","slug":"xi-fira-del-comerc-local","status":"publish","type":"post","link":"https:\/\/museros.org\/inici\/xi-fira-del-comerc-local\/","title":{"rendered":"XI Fira del Comer\u00e7 Local"},"content":{"rendered":"<p>Museros ha celebrat el cap de setmana del 10 i 11 de maig la XI Fira de Comer\u00e7 Local amb un gran \u00e8xit de participaci\u00f3. Un esdeveniment de dos dies organitzat per la Regidoria de Comer\u00e7 de l&#8217;Ajuntament de Museros juntament amb l&#8217;Associaci\u00f3 de Comerciants CAMU, i la col\u00b7laboraci\u00f3 de Caixa Popular. Aquesta proposta s&#8217;ha convertit en molt m\u00e9s que un acte de venda, descomptes, promoci\u00f3 i exposici\u00f3 dels negocis de la poblaci\u00f3, ja que reuneix una gran varietat d&#8217;activitats per a tots els p\u00fablics com propostes gastron\u00f2miques, m\u00fasica, actuacions d&#8217;humor, sortejos, regals, manualitats i unflables per als m\u00e9s xicotets.<\/p>\n<p>L&#8217;acte de clausura va ser a c\u00e0rrec de l&#8217;humorista \u00d3scar Tramoyeres, qui va fer riure a totes les persones assistents, i la Societat Uni\u00f3 Musical de Museros, que van posar fi a la XI edici\u00f3 de la Fira del Comer\u00e7 Local de Museros amb una cercavila.<\/p>\n<p>D&#8217;altra banda, com a mostra de solidaritat, es va fer el sorteig de 300 euros per a ser utilitzats en una ag\u00e8ncia de viatges d&#8217;Alfafar afectada per la dana i agermanada a Uni\u00f3 Gremial. L&#8217;afortunada va ser Mari Carmen Biot, ve\u00efna de Museros. I tamb\u00e9 es va sortejar un pernil per part de la Societat Uni\u00f3 Musical de Museros i l&#8217;Ajuntament de Museros.<\/p>\n<p>\u00abAquesta \u00e9s una bona oportunitat perqu\u00e8 els comer\u00e7os nous es donen a con\u00e9ixer i ens mostren els seus productes, i els ja consolidats ens continuen ensenyant els seus serveis i les seues novetats\u00bb, explica Juan Jos\u00e9 Carri\u00f3n, regidor de Comer\u00e7. Per part seua, Cristina Civera, alcaldessa de Museros, aposta \u00abper convertir el cap de setmana de la Fira en un gran esdeveniment l\u00fadic i d&#8217;entreteniment per a tota la poblaci\u00f3, a m\u00e9s de fer costat al teixit comercial del nostre municipi\u00bb.<\/p>\n<p>Respecte a les propostes gastron\u00f2miques, destaca el repartiment d&#8217;orxata i\u00a0fartons\u00a0el primer dia, i una degustaci\u00f3 de coca de\u00a0llanda\u00a0i una altra de paella elaborada per la penya taurina La Por, el segon dia. A m\u00e9s de les actuacions esmentades, tamb\u00e9 gaudirem amb el duo Jaime i Coral, que van amenitzar el sopar de pa i porta del dissabte amb m\u00fasica dels 60, 70, 80 i pop internacional, i un concert de SUM Big band Museros el diumenge. Per una altra banda, el primer dia es van repartir plantes en senyal de l&#8217;arribada de la primavera. I els comer\u00e7os van entregar amb les compres una bossa amb el lema: \u201cJo, amb el comer\u00e7 del meu poble\u201d.<\/p>\n","protected":false},"excerpt":{"rendered":"<p>Museros ha celebrat el cap de setmana del 10 i 11 de maig la XI Fira de Comer\u00e7 Local amb un gran \u00e8xit de participaci\u00f3. Un esdeveniment de dos dies organitzat per la Regidoria de Comer\u00e7 de l&#8217;Ajuntament de Museros juntament amb l&#8217;Associaci\u00f3 de Comerciants CAMU, i la col\u00b7laboraci\u00f3 de Caixa Popular. Aquesta proposta s&#8217;ha [&hellip;]<\/p>\n","protected":false},"author":9,"featured_media":274198,"comment_status":"closed","ping_status":"closed","sticky":false,"template":"","format":"standard","meta":{"_et_pb_use_builder":"","_et_pb_old_content":"","_et_gb_content_width":"","footnotes":""},"categories":[1796],"tags":[],"wf_post_folders":[264],"class_list":["post-274194","post","type-post","status-publish","format-standard","has-post-thumbnail","hentry","category-comerc"],"_links":{"self":[{"href":"https:\/\/museros.org\/inici\/wp-json\/wp\/v2\/posts\/274194","targetHints":{"allow":["GET"]}}],"collection":[{"href":"https:\/\/museros.org\/inici\/wp-json\/wp\/v2\/posts"}],"about":[{"href":"https:\/\/museros.org\/inici\/wp-json\/wp\/v2\/types\/post"}],"author":[{"embeddable":true,"href":"https:\/\/museros.org\/inici\/wp-json\/wp\/v2\/users\/9"}],"replies":[{"embeddable":true,"href":"https:\/\/museros.org\/inici\/wp-json\/wp\/v2\/comments?post=274194"}],"version-history":[{"count":1,"href":"https:\/\/museros.org\/inici\/wp-json\/wp\/v2\/posts\/274194\/revisions"}],"predecessor-version":[{"id":274199,"href":"https:\/\/museros.org\/inici\/wp-json\/wp\/v2\/posts\/274194\/revisions\/274199"}],"wp:featuredmedia":[{"embeddable":true,"href":"https:\/\/museros.org\/inici\/wp-json\/wp\/v2\/media\/274198"}],"wp:attachment":[{"href":"https:\/\/museros.org\/inici\/wp-json\/wp\/v2\/media?parent=274194"}],"wp:term":[{"taxonomy":"category","embeddable":true,"href":"https:\/\/museros.org\/inici\/wp-json\/wp\/v2\/categories?post=274194"},{"taxonomy":"post_tag","embeddable":true,"href":"https:\/\/museros.org\/inici\/wp-json\/wp\/v2\/tags?post=274194"},{"taxonomy":"wf_post_folders","embeddable":true,"href":"https:\/\/museros.org\/inici\/wp-json\/wp\/v2\/wf_post_folders?post=274194"}],"curies":[{"name":"wp","href":"https:\/\/api.w.org\/{rel}","templated":true}]}}