{"id":274126,"date":"2025-05-09T13:44:20","date_gmt":"2025-05-09T13:44:20","guid":{"rendered":"https:\/\/museros.org\/inici\/?p=274126"},"modified":"2025-05-10T17:36:48","modified_gmt":"2025-05-10T17:36:48","slug":"i-memorandum-alina-sanfelix-2","status":"publish","type":"post","link":"https:\/\/museros.org\/inici\/es\/i-memorandum-alina-sanfelix-2\/","title":{"rendered":"I Memor\u00e1ndum Alina Sanf\u00e9lix"},"content":{"rendered":"<p>Museros ha mostrado su faceta m\u00e1s solidaria a trav\u00e9s del I Memor\u00e1ndum Alina Sanf\u00e9lix celebrado en la poblaci\u00f3n el 1 de mayo. Un total de 1.054 personas participaron en este evento en el que se recaudaron 7869 \u20ac, de los cuales 3.934,50 \u20ac ir\u00e1n destinados a los familiares de las v\u00edctimas del incendio de Campanar y 3.934,50 \u20ac ser\u00e1n donados a la fundaci\u00f3n DuchenneSpain, asociaci\u00f3n sin \u00e1nimo de lucro que trabaja para encontrar una cura o tratamiento para la Distrofia Muscular de Duchenne y Becker y mejorar la calidad de vida de los afectados por estas enfermedades gen\u00e9ticas y neuromusculares raras que causan debilidad y degeneraci\u00f3n muscular progresiva.<\/p>\n<p>El Ayuntamiento de Museros y Grup de C\u00f3rrer Museros mostraron todo su apoyo en la organizaci\u00f3n de este evento deportivo, as\u00ed como diferentes asociaciones y agrupaciones festivas de la localidad, y un gran n\u00famero de empresas.<\/p>\n<p>El acto se convirti\u00f3 en una gran celebraci\u00f3n en el que hubo hinchables para los m\u00e1s peque\u00f1os y food trucks, entre otras actividades. Dado el \u00e9xito de esta primera edici\u00f3n, este acontecimiento se incluir\u00e1 en el calendario de carreras del municipio.<\/p>\n<p>En la 10K participaron 422 corredores; en la marcha 2K, un total de 483 personas; y en las categor\u00edas infantiles, 147 ni\u00f1as y ni\u00f1os. Con ello se recaud\u00f3 6.568 \u20ac, a los que se suman 1.301\u20ac de donaciones de los participantes, logrando un total 7.869 \u20ac.<\/p>\n<p>Cristina Civera, alcaldesa de Museros, ha mostrado su satisfacci\u00f3n por el talante solidario de los vecinos y vecinas de Museros y de los pueblos de la comarca: \u00abEl acto se ha vivido en nuestra poblaci\u00f3n como una jornada l\u00fadica, deportiva y altruista con mucha participaci\u00f3n\u00bb.<\/p>\n<p>Por su parte, Kike Sanf\u00e9lix, organizador del evento, estaba muy agradecido: \u00abMe alegra sentir la esencia de Alina, que era ayudar a la gente y ver disfrutar a todos, tal y como pas\u00f3 en su Memor\u00e1ndum. Estar\u00e1 muy orgullosa de todos vosotros, much\u00edsimas gracias\u00bb.<\/p>\n","protected":false},"excerpt":{"rendered":"<p>Museros ha mostrado su faceta m\u00e1s solidaria a trav\u00e9s del I Memor\u00e1ndum Alina Sanf\u00e9lix celebrado en la poblaci\u00f3n el 1 de mayo. Un total de 1.054 personas participaron en este evento en el que se recaudaron 7869 \u20ac, de los cuales 3.934,50 \u20ac ir\u00e1n destinados a los familiares de las v\u00edctimas del incendio de Campanar [&hellip;]<\/p>\n","protected":false},"author":8,"featured_media":274111,"comment_status":"closed","ping_status":"closed","sticky":false,"template":"","format":"standard","meta":{"_et_pb_use_builder":"","_et_pb_old_content":"","_et_gb_content_width":"","footnotes":""},"categories":[1250],"tags":[],"wf_post_folders":[1234,1239],"class_list":["post-274126","post","type-post","status-publish","format-standard","has-post-thumbnail","hentry","category-deportivos"],"_links":{"self":[{"href":"https:\/\/museros.org\/inici\/wp-json\/wp\/v2\/posts\/274126","targetHints":{"allow":["GET"]}}],"collection":[{"href":"https:\/\/museros.org\/inici\/wp-json\/wp\/v2\/posts"}],"about":[{"href":"https:\/\/museros.org\/inici\/wp-json\/wp\/v2\/types\/post"}],"author":[{"embeddable":true,"href":"https:\/\/museros.org\/inici\/wp-json\/wp\/v2\/users\/8"}],"replies":[{"embeddable":true,"href":"https:\/\/museros.org\/inici\/wp-json\/wp\/v2\/comments?post=274126"}],"version-history":[{"count":1,"href":"https:\/\/museros.org\/inici\/wp-json\/wp\/v2\/posts\/274126\/revisions"}],"predecessor-version":[{"id":274127,"href":"https:\/\/museros.org\/inici\/wp-json\/wp\/v2\/posts\/274126\/revisions\/274127"}],"wp:featuredmedia":[{"embeddable":true,"href":"https:\/\/museros.org\/inici\/wp-json\/wp\/v2\/media\/274111"}],"wp:attachment":[{"href":"https:\/\/museros.org\/inici\/wp-json\/wp\/v2\/media?parent=274126"}],"wp:term":[{"taxonomy":"category","embeddable":true,"href":"https:\/\/museros.org\/inici\/wp-json\/wp\/v2\/categories?post=274126"},{"taxonomy":"post_tag","embeddable":true,"href":"https:\/\/museros.org\/inici\/wp-json\/wp\/v2\/tags?post=274126"},{"taxonomy":"wf_post_folders","embeddable":true,"href":"https:\/\/museros.org\/inici\/wp-json\/wp\/v2\/wf_post_folders?post=274126"}],"curies":[{"name":"wp","href":"https:\/\/api.w.org\/{rel}","templated":true}]}}