{"id":274124,"date":"2025-05-09T13:43:31","date_gmt":"2025-05-09T13:43:31","guid":{"rendered":"https:\/\/museros.org\/inici\/?p=274124"},"modified":"2025-05-10T17:37:17","modified_gmt":"2025-05-10T17:37:17","slug":"i-memorandum-alina-sanfelix","status":"publish","type":"post","link":"https:\/\/museros.org\/inici\/i-memorandum-alina-sanfelix\/","title":{"rendered":"I Memor\u00e0ndum Alina Sanf\u00e9lix"},"content":{"rendered":"<p>Museros ha mostrat la seua faceta m\u00e9s solid\u00e0ria a trav\u00e9s del I Memor\u00e0ndum Alina Sanf\u00e9lix celebrat en la poblaci\u00f3 l&#8217;1 de maig. Un total de 1.054 persones van participar en aquest esdeveniment en el qual es van recaptar 7.869 \u20ac, dels quals 3.934,50 \u20ac aniran destinats als familiars de les v\u00edctimes de l&#8217;incendi de Campanar i 3.934,50 \u20ac seran donats a la fundaci\u00f3 DuchenneSpain, associaci\u00f3 sense \u00e0nim de lucre que treballa per a trobar una cura o tractament per a la Distr\u00f2fia Muscular de Duchenne i Becker i millorar la qualitat de vida dels afectats per aquestes malalties gen\u00e8tiques i neuromusculars rares que causen debilitat i degeneraci\u00f3 muscular progressiva.<\/p>\n<p>L&#8217;Ajuntament de Museros i Grup de C\u00f3rrer Museros van mostrar tot el seu suport en l&#8217;organitzaci\u00f3 d&#8217;aquest esdeveniment esportiu, aix\u00ed com diferents associacions i agrupacions festives de la localitat, i un gran nombre d&#8217;empreses.<\/p>\n<p>L&#8217;acte es va convertir en una gran celebraci\u00f3, amb inflables per als m\u00e9s menuts, i food trucks, entre altres activitats. Donat l&#8217;\u00e8xit d&#8217;aquesta primera edici\u00f3, l\u2019esdeveniment s&#8217;inclour\u00e0 en el calendari de carreres del municipi.<\/p>\n<p>En la 10 K van participar 422 corredors; en la marxa 2 K, un total de 483 persones, i en les categories infantils, 147 xiquetes i xiquets. Amb aix\u00f2 es van recaptar 6.568 \u20ac, als quals se sumen els 1.301 \u20ac de donacions dels participants, per la qual cosa es va aconseguir un total 7.869 \u20ac.<\/p>\n<p>Cristina Civera, alcaldessa de Museros, ha mostrat la seua satisfacci\u00f3 pel car\u00e0cter solidari dels ve\u00efns i ve\u00efnes de Museros i dels pobles de la comarca: \u00abL&#8217;acte s&#8217;ha viscut en la nostra poblaci\u00f3 com una jornada l\u00fadica, esportiva i altruista amb molta participaci\u00f3\u00bb.<\/p>\n<p>D\u2019altra banda, Kike Sanf\u00e9lix, organitzador de l&#8217;esdeveniment, estava molt agra\u00eft: \u00abM&#8217;alegra sentir l&#8217;ess\u00e8ncia d\u2019Alina, que era ajudar a la gent i veure gaudir a tots, tal com va oc\u00f3rrer en el seu Memor\u00e0ndum. Estar\u00e0 molt orgullosa de tots vosaltres, molt\u00edssimes gr\u00e0cies\u00bb.<\/p>\n","protected":false},"excerpt":{"rendered":"<p>Museros ha mostrat la seua faceta m\u00e9s solid\u00e0ria a trav\u00e9s del I Memor\u00e0ndum Alina Sanf\u00e9lix celebrat en la poblaci\u00f3 l&#8217;1 de maig. Un total de 1.054 persones van participar en aquest esdeveniment en el qual es van recaptar 7.869 \u20ac, dels quals 3.934,50 \u20ac aniran destinats als familiars de les v\u00edctimes de l&#8217;incendi de Campanar [&hellip;]<\/p>\n","protected":false},"author":8,"featured_media":274111,"comment_status":"closed","ping_status":"closed","sticky":false,"template":"","format":"standard","meta":{"_et_pb_use_builder":"","_et_pb_old_content":"","_et_gb_content_width":"","footnotes":""},"categories":[1248],"tags":[],"wf_post_folders":[1234,1239],"class_list":["post-274124","post","type-post","status-publish","format-standard","has-post-thumbnail","hentry","category-esportius"],"_links":{"self":[{"href":"https:\/\/museros.org\/inici\/wp-json\/wp\/v2\/posts\/274124","targetHints":{"allow":["GET"]}}],"collection":[{"href":"https:\/\/museros.org\/inici\/wp-json\/wp\/v2\/posts"}],"about":[{"href":"https:\/\/museros.org\/inici\/wp-json\/wp\/v2\/types\/post"}],"author":[{"embeddable":true,"href":"https:\/\/museros.org\/inici\/wp-json\/wp\/v2\/users\/8"}],"replies":[{"embeddable":true,"href":"https:\/\/museros.org\/inici\/wp-json\/wp\/v2\/comments?post=274124"}],"version-history":[{"count":1,"href":"https:\/\/museros.org\/inici\/wp-json\/wp\/v2\/posts\/274124\/revisions"}],"predecessor-version":[{"id":274125,"href":"https:\/\/museros.org\/inici\/wp-json\/wp\/v2\/posts\/274124\/revisions\/274125"}],"wp:featuredmedia":[{"embeddable":true,"href":"https:\/\/museros.org\/inici\/wp-json\/wp\/v2\/media\/274111"}],"wp:attachment":[{"href":"https:\/\/museros.org\/inici\/wp-json\/wp\/v2\/media?parent=274124"}],"wp:term":[{"taxonomy":"category","embeddable":true,"href":"https:\/\/museros.org\/inici\/wp-json\/wp\/v2\/categories?post=274124"},{"taxonomy":"post_tag","embeddable":true,"href":"https:\/\/museros.org\/inici\/wp-json\/wp\/v2\/tags?post=274124"},{"taxonomy":"wf_post_folders","embeddable":true,"href":"https:\/\/museros.org\/inici\/wp-json\/wp\/v2\/wf_post_folders?post=274124"}],"curies":[{"name":"wp","href":"https:\/\/api.w.org\/{rel}","templated":true}]}}