{"id":274074,"date":"2025-05-06T21:27:02","date_gmt":"2025-05-06T21:27:02","guid":{"rendered":"https:\/\/museros.org\/inici\/?p=274074"},"modified":"2025-05-07T10:28:07","modified_gmt":"2025-05-07T10:28:07","slug":"exposicio-dillustracio-infantil","status":"publish","type":"post","link":"https:\/\/museros.org\/inici\/exposicio-dillustracio-infantil\/","title":{"rendered":"Exposici\u00f3 d\u2019il\u00b7lustraci\u00f3 infantil"},"content":{"rendered":"<p>Hui hem celebrat la inauguraci\u00f3 de l\u2019exposici\u00f3 d\u2019il\u00b7lustraci\u00f3 infantil \u2018\u00bfC\u00f3mo se echa a volar un cuento?\u2019. De la m\u00e0 de l\u2019autora, B\u00e1rbara Barrientos (coneguda com B\u00e1rbarab\u00e1), hem vist com \u00e9s el proc\u00e9s creatiu del naixement dels personatges i dibuixos d\u2019un conte, i l\u2019evoluci\u00f3 fins que el llibre arriba a les nostres mans.<br \/>\nBarrientos \u00e9s autora d\u2019obres com \u2018Guapio\u2019, primer premi del concurs de conte infantil de l\u2019editorial Gusanillo. Els seus treballs viatgen arreu del m\u00f3n: podem trobar il\u00b7lustracions seues a llocs tan diversos com el Canad\u00e0, Austr\u00e0lia, els Estats Units o Regne Unit.<br \/>\nL\u2019exposici\u00f3 es podr\u00e0 visitar fins al 21 de maig, de dilluns a divendres de 9.30 a 12.30 h i de 17.30 a 20.00 h, a la Casa de Cultura de Museros.<\/p>\n","protected":false},"excerpt":{"rendered":"<p>Hui hem celebrat la inauguraci\u00f3 de l\u2019exposici\u00f3 d\u2019il\u00b7lustraci\u00f3 infantil \u2018\u00bfC\u00f3mo se echa a volar un cuento?\u2019. De la m\u00e0 de l\u2019autora, B\u00e1rbara Barrientos (coneguda com B\u00e1rbarab\u00e1).<\/p>\n","protected":false},"author":8,"featured_media":274070,"comment_status":"closed","ping_status":"closed","sticky":false,"template":"","format":"standard","meta":{"_et_pb_use_builder":"","_et_pb_old_content":"","_et_gb_content_width":"","footnotes":""},"categories":[1262],"tags":[],"wf_post_folders":[1285],"class_list":["post-274074","post","type-post","status-publish","format-standard","has-post-thumbnail","hentry","category-cultura-va"],"_links":{"self":[{"href":"https:\/\/museros.org\/inici\/wp-json\/wp\/v2\/posts\/274074","targetHints":{"allow":["GET"]}}],"collection":[{"href":"https:\/\/museros.org\/inici\/wp-json\/wp\/v2\/posts"}],"about":[{"href":"https:\/\/museros.org\/inici\/wp-json\/wp\/v2\/types\/post"}],"author":[{"embeddable":true,"href":"https:\/\/museros.org\/inici\/wp-json\/wp\/v2\/users\/8"}],"replies":[{"embeddable":true,"href":"https:\/\/museros.org\/inici\/wp-json\/wp\/v2\/comments?post=274074"}],"version-history":[{"count":1,"href":"https:\/\/museros.org\/inici\/wp-json\/wp\/v2\/posts\/274074\/revisions"}],"predecessor-version":[{"id":274075,"href":"https:\/\/museros.org\/inici\/wp-json\/wp\/v2\/posts\/274074\/revisions\/274075"}],"wp:featuredmedia":[{"embeddable":true,"href":"https:\/\/museros.org\/inici\/wp-json\/wp\/v2\/media\/274070"}],"wp:attachment":[{"href":"https:\/\/museros.org\/inici\/wp-json\/wp\/v2\/media?parent=274074"}],"wp:term":[{"taxonomy":"category","embeddable":true,"href":"https:\/\/museros.org\/inici\/wp-json\/wp\/v2\/categories?post=274074"},{"taxonomy":"post_tag","embeddable":true,"href":"https:\/\/museros.org\/inici\/wp-json\/wp\/v2\/tags?post=274074"},{"taxonomy":"wf_post_folders","embeddable":true,"href":"https:\/\/museros.org\/inici\/wp-json\/wp\/v2\/wf_post_folders?post=274074"}],"curies":[{"name":"wp","href":"https:\/\/api.w.org\/{rel}","templated":true}]}}