{"id":273988,"date":"2025-03-19T08:39:02","date_gmt":"2025-03-19T08:39:02","guid":{"rendered":"https:\/\/museros.org\/inici\/?p=273988"},"modified":"2025-05-05T07:36:41","modified_gmt":"2025-05-05T07:36:41","slug":"ofrenda","status":"publish","type":"post","link":"https:\/\/museros.org\/inici\/es\/ofrenda\/","title":{"rendered":"Ofrenda"},"content":{"rendered":"<p>Entre martes y mi\u00e9rcoles, las dos comisiones falleras la Falla de Museros y la Falla El Castell ofrendaron a nuestra Patrona la Virgen Mar\u00eda de los Desamparados.<br \/>\nHemos celebrado la misa en honor en Sant Josep, donde las Falleras mayores tambi\u00e9n le han ofrendado!<br \/>\nDespu\u00e9s cada falla nos ha ofrecido con una magn\u00edfica masclet\u00e0!<\/p>\n","protected":false},"excerpt":{"rendered":"<p>Entre martes y mi\u00e9rcoles, las dos comisiones falleras la Falla de Museros y la Falla El Castell ofrendaron a nuestra Patrona la Virgen Mar\u00eda de los Desamparados. Hemos celebrado la misa en honor en Sant Josep, donde las Falleras mayores tambi\u00e9n le han ofrendado! Despu\u00e9s cada falla nos ha ofrecido con una magn\u00edfica masclet\u00e0!<\/p>\n","protected":false},"author":8,"featured_media":273228,"comment_status":"closed","ping_status":"closed","sticky":false,"template":"","format":"standard","meta":{"_et_pb_use_builder":"","_et_pb_old_content":"","_et_gb_content_width":"","footnotes":""},"categories":[1630],"tags":[],"wf_post_folders":[1234,1241],"class_list":["post-273988","post","type-post","status-publish","format-standard","has-post-thumbnail","hentry","category-fiestas"],"_links":{"self":[{"href":"https:\/\/museros.org\/inici\/wp-json\/wp\/v2\/posts\/273988","targetHints":{"allow":["GET"]}}],"collection":[{"href":"https:\/\/museros.org\/inici\/wp-json\/wp\/v2\/posts"}],"about":[{"href":"https:\/\/museros.org\/inici\/wp-json\/wp\/v2\/types\/post"}],"author":[{"embeddable":true,"href":"https:\/\/museros.org\/inici\/wp-json\/wp\/v2\/users\/8"}],"replies":[{"embeddable":true,"href":"https:\/\/museros.org\/inici\/wp-json\/wp\/v2\/comments?post=273988"}],"version-history":[{"count":1,"href":"https:\/\/museros.org\/inici\/wp-json\/wp\/v2\/posts\/273988\/revisions"}],"predecessor-version":[{"id":273989,"href":"https:\/\/museros.org\/inici\/wp-json\/wp\/v2\/posts\/273988\/revisions\/273989"}],"wp:featuredmedia":[{"embeddable":true,"href":"https:\/\/museros.org\/inici\/wp-json\/wp\/v2\/media\/273228"}],"wp:attachment":[{"href":"https:\/\/museros.org\/inici\/wp-json\/wp\/v2\/media?parent=273988"}],"wp:term":[{"taxonomy":"category","embeddable":true,"href":"https:\/\/museros.org\/inici\/wp-json\/wp\/v2\/categories?post=273988"},{"taxonomy":"post_tag","embeddable":true,"href":"https:\/\/museros.org\/inici\/wp-json\/wp\/v2\/tags?post=273988"},{"taxonomy":"wf_post_folders","embeddable":true,"href":"https:\/\/museros.org\/inici\/wp-json\/wp\/v2\/wf_post_folders?post=273988"}],"curies":[{"name":"wp","href":"https:\/\/api.w.org\/{rel}","templated":true}]}}