{"id":273321,"date":"2025-03-29T21:25:04","date_gmt":"2025-03-29T21:25:04","guid":{"rendered":"https:\/\/museros.org\/inici\/?p=273321"},"modified":"2025-03-30T17:25:50","modified_gmt":"2025-03-30T17:25:50","slug":"15-aniversari","status":"publish","type":"post","link":"https:\/\/museros.org\/inici\/15-aniversari\/","title":{"rendered":"15 aniversari"},"content":{"rendered":"\n<p>L\u2019alcaldessa Cristina Civera i el regidor d\u2019esports Agust\u00edn Muedra han acompanyat als membres del Club Ciclista Pascual Bolea en la celebraci\u00f3 del seu 15 aniversari.<br>En este aniversari tan especial, volem expressar-los el nostre m\u00e9s sincer agra\u00efment per tot el que representen.<br>M\u00e9s que un club, han constru\u00eft una gran fam\u00edlia sobre rodes, unida per la passi\u00f3 pel ciclisme, la companyia i l\u2019esperit de superaci\u00f3.<br>Per molts anys m\u00e9s!<\/p>\n","protected":false},"excerpt":{"rendered":"<p>L\u2019alcaldessa Cristina Civera i el regidor d\u2019esports Agust\u00edn Muedra han acompanyat als membres del Club Ciclista Pascual Bolea en la celebraci\u00f3 del seu 15 aniversari.En este aniversari tan especial, volem expressar-los el nostre m\u00e9s sincer agra\u00efment per tot el que representen.M\u00e9s que un club, han constru\u00eft una gran fam\u00edlia sobre rodes, unida per la passi\u00f3 [&hellip;]<\/p>\n","protected":false},"author":8,"featured_media":273322,"comment_status":"closed","ping_status":"closed","sticky":false,"template":"","format":"standard","meta":{"_et_pb_use_builder":"","_et_pb_old_content":"","_et_gb_content_width":"","footnotes":""},"categories":[1248],"tags":[],"wf_post_folders":[1234,1239],"class_list":["post-273321","post","type-post","status-publish","format-standard","has-post-thumbnail","hentry","category-esportius"],"_links":{"self":[{"href":"https:\/\/museros.org\/inici\/wp-json\/wp\/v2\/posts\/273321","targetHints":{"allow":["GET"]}}],"collection":[{"href":"https:\/\/museros.org\/inici\/wp-json\/wp\/v2\/posts"}],"about":[{"href":"https:\/\/museros.org\/inici\/wp-json\/wp\/v2\/types\/post"}],"author":[{"embeddable":true,"href":"https:\/\/museros.org\/inici\/wp-json\/wp\/v2\/users\/8"}],"replies":[{"embeddable":true,"href":"https:\/\/museros.org\/inici\/wp-json\/wp\/v2\/comments?post=273321"}],"version-history":[{"count":1,"href":"https:\/\/museros.org\/inici\/wp-json\/wp\/v2\/posts\/273321\/revisions"}],"predecessor-version":[{"id":273323,"href":"https:\/\/museros.org\/inici\/wp-json\/wp\/v2\/posts\/273321\/revisions\/273323"}],"wp:featuredmedia":[{"embeddable":true,"href":"https:\/\/museros.org\/inici\/wp-json\/wp\/v2\/media\/273322"}],"wp:attachment":[{"href":"https:\/\/museros.org\/inici\/wp-json\/wp\/v2\/media?parent=273321"}],"wp:term":[{"taxonomy":"category","embeddable":true,"href":"https:\/\/museros.org\/inici\/wp-json\/wp\/v2\/categories?post=273321"},{"taxonomy":"post_tag","embeddable":true,"href":"https:\/\/museros.org\/inici\/wp-json\/wp\/v2\/tags?post=273321"},{"taxonomy":"wf_post_folders","embeddable":true,"href":"https:\/\/museros.org\/inici\/wp-json\/wp\/v2\/wf_post_folders?post=273321"}],"curies":[{"name":"wp","href":"https:\/\/api.w.org\/{rel}","templated":true}]}}