{"id":273229,"date":"2025-03-19T08:36:59","date_gmt":"2025-03-19T08:36:59","guid":{"rendered":"https:\/\/museros.org\/inici\/?p=273229"},"modified":"2025-04-14T06:43:30","modified_gmt":"2025-04-14T06:43:30","slug":"ofrena","status":"publish","type":"post","link":"https:\/\/museros.org\/inici\/ofrena\/","title":{"rendered":"Ofrena"},"content":{"rendered":"\n<p>Entre dimarts i dimecres, les dos comissions falleres la @fallademuseros i la @fallaelcastellmuseros ofrenaren a la nostra Patrona la Mare de D\u00e9u dels Desemparats.<br>Hem celebrat la missa en honor a Sant Josep, on les Falleres majors tamb\u00e9 li han ofrenat!<br>Despr\u00e9s cada falla ens ha oferit amb una magn\u00edfica masclet\u00e0!<\/p>\n","protected":false},"excerpt":{"rendered":"<p>Entre dimarts i dimecres, les dos comissions falleres la @fallademuseros i la @fallaelcastellmuseros ofrenaren a la nostra Patrona la Mare de D\u00e9u dels Desemparats.Hem celebrat la missa en honor a Sant Josep, on les Falleres majors tamb\u00e9 li han ofrenat!Despr\u00e9s cada falla ens ha oferit amb una magn\u00edfica masclet\u00e0!<\/p>\n","protected":false},"author":8,"featured_media":273228,"comment_status":"closed","ping_status":"closed","sticky":false,"template":"","format":"standard","meta":{"_et_pb_use_builder":"","_et_pb_old_content":"","_et_gb_content_width":"","footnotes":""},"categories":[1628],"tags":[],"wf_post_folders":[1234,1241],"class_list":["post-273229","post","type-post","status-publish","format-standard","has-post-thumbnail","hentry","category-festes"],"_links":{"self":[{"href":"https:\/\/museros.org\/inici\/wp-json\/wp\/v2\/posts\/273229","targetHints":{"allow":["GET"]}}],"collection":[{"href":"https:\/\/museros.org\/inici\/wp-json\/wp\/v2\/posts"}],"about":[{"href":"https:\/\/museros.org\/inici\/wp-json\/wp\/v2\/types\/post"}],"author":[{"embeddable":true,"href":"https:\/\/museros.org\/inici\/wp-json\/wp\/v2\/users\/8"}],"replies":[{"embeddable":true,"href":"https:\/\/museros.org\/inici\/wp-json\/wp\/v2\/comments?post=273229"}],"version-history":[{"count":2,"href":"https:\/\/museros.org\/inici\/wp-json\/wp\/v2\/posts\/273229\/revisions"}],"predecessor-version":[{"id":273231,"href":"https:\/\/museros.org\/inici\/wp-json\/wp\/v2\/posts\/273229\/revisions\/273231"}],"wp:featuredmedia":[{"embeddable":true,"href":"https:\/\/museros.org\/inici\/wp-json\/wp\/v2\/media\/273228"}],"wp:attachment":[{"href":"https:\/\/museros.org\/inici\/wp-json\/wp\/v2\/media?parent=273229"}],"wp:term":[{"taxonomy":"category","embeddable":true,"href":"https:\/\/museros.org\/inici\/wp-json\/wp\/v2\/categories?post=273229"},{"taxonomy":"post_tag","embeddable":true,"href":"https:\/\/museros.org\/inici\/wp-json\/wp\/v2\/tags?post=273229"},{"taxonomy":"wf_post_folders","embeddable":true,"href":"https:\/\/museros.org\/inici\/wp-json\/wp\/v2\/wf_post_folders?post=273229"}],"curies":[{"name":"wp","href":"https:\/\/api.w.org\/{rel}","templated":true}]}}