{"id":273226,"date":"2025-03-16T09:15:26","date_gmt":"2025-03-16T09:15:26","guid":{"rendered":"https:\/\/museros.org\/inici\/?p=273226"},"modified":"2025-03-17T09:17:04","modified_gmt":"2025-03-17T09:17:04","slug":"cena-de-la-planta","status":"publish","type":"post","link":"https:\/\/museros.org\/inici\/es\/cena-de-la-planta\/","title":{"rendered":"Cena de la plant\u00e0"},"content":{"rendered":"\n<p>Anoche la alcaldesa junto con los concejales de la corporaci\u00f3n municipal acompa\u00f1aron a los falleros y falleras de la Falla El Castell en la cena de la plant\u00e1.<br>Esperamos que disfrut\u00e9is de la semana de actos y \u2018germanor\u2019 que ten\u00e9is por delante.<br>Un a\u00f1o m\u00e1s, gracias por la invitaci\u00f3n.<\/p>\n","protected":false},"excerpt":{"rendered":"<p>Anoche la alcaldesa junto con los concejales de la corporaci\u00f3n municipal acompa\u00f1aron a los falleros y falleras de la Falla El Castell en la cena de la plant\u00e1.Esperamos que disfrut\u00e9is de la semana de actos y \u2018germanor\u2019 que ten\u00e9is por delante.Un a\u00f1o m\u00e1s, gracias por la invitaci\u00f3n.<\/p>\n","protected":false},"author":8,"featured_media":273220,"comment_status":"closed","ping_status":"closed","sticky":false,"template":"","format":"standard","meta":{"_et_pb_use_builder":"","_et_pb_old_content":"","_et_gb_content_width":"","footnotes":""},"categories":[1630],"tags":[],"wf_post_folders":[1234,1241],"class_list":["post-273226","post","type-post","status-publish","format-standard","has-post-thumbnail","hentry","category-fiestas"],"_links":{"self":[{"href":"https:\/\/museros.org\/inici\/wp-json\/wp\/v2\/posts\/273226","targetHints":{"allow":["GET"]}}],"collection":[{"href":"https:\/\/museros.org\/inici\/wp-json\/wp\/v2\/posts"}],"about":[{"href":"https:\/\/museros.org\/inici\/wp-json\/wp\/v2\/types\/post"}],"author":[{"embeddable":true,"href":"https:\/\/museros.org\/inici\/wp-json\/wp\/v2\/users\/8"}],"replies":[{"embeddable":true,"href":"https:\/\/museros.org\/inici\/wp-json\/wp\/v2\/comments?post=273226"}],"version-history":[{"count":1,"href":"https:\/\/museros.org\/inici\/wp-json\/wp\/v2\/posts\/273226\/revisions"}],"predecessor-version":[{"id":273227,"href":"https:\/\/museros.org\/inici\/wp-json\/wp\/v2\/posts\/273226\/revisions\/273227"}],"wp:featuredmedia":[{"embeddable":true,"href":"https:\/\/museros.org\/inici\/wp-json\/wp\/v2\/media\/273220"}],"wp:attachment":[{"href":"https:\/\/museros.org\/inici\/wp-json\/wp\/v2\/media?parent=273226"}],"wp:term":[{"taxonomy":"category","embeddable":true,"href":"https:\/\/museros.org\/inici\/wp-json\/wp\/v2\/categories?post=273226"},{"taxonomy":"post_tag","embeddable":true,"href":"https:\/\/museros.org\/inici\/wp-json\/wp\/v2\/tags?post=273226"},{"taxonomy":"wf_post_folders","embeddable":true,"href":"https:\/\/museros.org\/inici\/wp-json\/wp\/v2\/wf_post_folders?post=273226"}],"curies":[{"name":"wp","href":"https:\/\/api.w.org\/{rel}","templated":true}]}}