{"id":273218,"date":"2025-03-15T09:12:39","date_gmt":"2025-03-15T09:12:39","guid":{"rendered":"https:\/\/museros.org\/inici\/?p=273218"},"modified":"2025-03-17T09:17:50","modified_gmt":"2025-03-17T09:17:50","slug":"campionat-nacional-de-recortes","status":"publish","type":"post","link":"https:\/\/museros.org\/inici\/campionat-nacional-de-recortes\/","title":{"rendered":"Campionat Nacional de Recortes"},"content":{"rendered":"\n<p>Este mat\u00ed s\u2019ha celebrat el XXVIII Campionat nacional de Recortes on ha participat el muserenc @noelmuseros11<br>En esta ocasi\u00f3 no ha sigut possible passar a la final per\u00f2 volem felicitar-lo pels magn\u00edfics recortes i pel que ens ha fet gaudir amb la seua toreria.<\/p>\n","protected":false},"excerpt":{"rendered":"<p>Este mat\u00ed s\u2019ha celebrat el XXVIII Campionat nacional de Recortes on ha participat el muserenc @noelmuseros11En esta ocasi\u00f3 no ha sigut possible passar a la final per\u00f2 volem felicitar-lo pels magn\u00edfics recortes i pel que ens ha fet gaudir amb la seua toreria.<\/p>\n","protected":false},"author":8,"featured_media":273219,"comment_status":"closed","ping_status":"closed","sticky":false,"template":"","format":"standard","meta":{"_et_pb_use_builder":"","_et_pb_old_content":"","_et_gb_content_width":"","footnotes":""},"categories":[1138],"tags":[],"wf_post_folders":[1234,1240],"class_list":["post-273218","post","type-post","status-publish","format-standard","has-post-thumbnail","hentry","category-espectacles"],"_links":{"self":[{"href":"https:\/\/museros.org\/inici\/wp-json\/wp\/v2\/posts\/273218","targetHints":{"allow":["GET"]}}],"collection":[{"href":"https:\/\/museros.org\/inici\/wp-json\/wp\/v2\/posts"}],"about":[{"href":"https:\/\/museros.org\/inici\/wp-json\/wp\/v2\/types\/post"}],"author":[{"embeddable":true,"href":"https:\/\/museros.org\/inici\/wp-json\/wp\/v2\/users\/8"}],"replies":[{"embeddable":true,"href":"https:\/\/museros.org\/inici\/wp-json\/wp\/v2\/comments?post=273218"}],"version-history":[{"count":1,"href":"https:\/\/museros.org\/inici\/wp-json\/wp\/v2\/posts\/273218\/revisions"}],"predecessor-version":[{"id":273221,"href":"https:\/\/museros.org\/inici\/wp-json\/wp\/v2\/posts\/273218\/revisions\/273221"}],"wp:featuredmedia":[{"embeddable":true,"href":"https:\/\/museros.org\/inici\/wp-json\/wp\/v2\/media\/273219"}],"wp:attachment":[{"href":"https:\/\/museros.org\/inici\/wp-json\/wp\/v2\/media?parent=273218"}],"wp:term":[{"taxonomy":"category","embeddable":true,"href":"https:\/\/museros.org\/inici\/wp-json\/wp\/v2\/categories?post=273218"},{"taxonomy":"post_tag","embeddable":true,"href":"https:\/\/museros.org\/inici\/wp-json\/wp\/v2\/tags?post=273218"},{"taxonomy":"wf_post_folders","embeddable":true,"href":"https:\/\/museros.org\/inici\/wp-json\/wp\/v2\/wf_post_folders?post=273218"}],"curies":[{"name":"wp","href":"https:\/\/api.w.org\/{rel}","templated":true}]}}