{"id":273213,"date":"2025-03-14T08:52:26","date_gmt":"2025-03-14T08:52:26","guid":{"rendered":"https:\/\/museros.org\/inici\/?p=273213"},"modified":"2025-03-14T08:52:27","modified_gmt":"2025-03-14T08:52:27","slug":"recepcion-de-alcaldes-y-de-alcaldesas","status":"publish","type":"post","link":"https:\/\/museros.org\/inici\/es\/recepcion-de-alcaldes-y-de-alcaldesas\/","title":{"rendered":"Recepci\u00f3n de alcaldes y de alcaldesas"},"content":{"rendered":"\n<p>En el marco de las celebraciones de las Fallas, el Ayuntamiento de Val\u00e8ncia ha acogido la tradicional recepci\u00f3n de alcaldes y de alcaldesas, un encuentro a la cual nuestra alcaldesa Cristina Civera ha acudido junto con el resto de representantes municipales de diferentes localidades, los cuales han sido recibidos por la corporaci\u00f3n municipal, las Falleras Mayores de Val\u00e8ncia y sus Corts de Honor.<\/p>\n\n\n\n<p>Este acto simboliza la uni\u00f3n y el esp\u00edritu festivo que caracteriza en nuestra fiesta m\u00e1s internacional. Durante la recepci\u00f3n, los asistentes han compartido experiencias y han destacado la importancia de preservar y fortalecer las tradiciones que hacen de las Fallas un patrimonio cultural \u00fanico.<\/p>\n\n\n\n<p>Las Fallas son una celebraci\u00f3n de hermandad y convivencia, y este encuentro refuerza los lazos entre municipios en torno a una festividad que es s\u00edmbolo de nuestra tierra. Que empiezan los d\u00edas grandes de las Fallas!<\/p>\n","protected":false},"excerpt":{"rendered":"<p>En el marco de las celebraciones de las Fallas, el Ayuntamiento de Val\u00e8ncia ha acogido la tradicional recepci\u00f3n de alcaldes y de alcaldesas, un encuentro a la cual nuestra alcaldesa Cristina Civera ha acudido junto con el resto de representantes municipales de diferentes localidades, los cuales han sido recibidos por la corporaci\u00f3n municipal, las Falleras [&hellip;]<\/p>\n","protected":false},"author":8,"featured_media":273211,"comment_status":"closed","ping_status":"closed","sticky":false,"template":"","format":"standard","meta":{"_et_pb_use_builder":"","_et_pb_old_content":"","_et_gb_content_width":"","footnotes":""},"categories":[1630],"tags":[],"wf_post_folders":[1234,1241],"class_list":["post-273213","post","type-post","status-publish","format-standard","has-post-thumbnail","hentry","category-fiestas"],"_links":{"self":[{"href":"https:\/\/museros.org\/inici\/wp-json\/wp\/v2\/posts\/273213","targetHints":{"allow":["GET"]}}],"collection":[{"href":"https:\/\/museros.org\/inici\/wp-json\/wp\/v2\/posts"}],"about":[{"href":"https:\/\/museros.org\/inici\/wp-json\/wp\/v2\/types\/post"}],"author":[{"embeddable":true,"href":"https:\/\/museros.org\/inici\/wp-json\/wp\/v2\/users\/8"}],"replies":[{"embeddable":true,"href":"https:\/\/museros.org\/inici\/wp-json\/wp\/v2\/comments?post=273213"}],"version-history":[{"count":1,"href":"https:\/\/museros.org\/inici\/wp-json\/wp\/v2\/posts\/273213\/revisions"}],"predecessor-version":[{"id":273214,"href":"https:\/\/museros.org\/inici\/wp-json\/wp\/v2\/posts\/273213\/revisions\/273214"}],"wp:featuredmedia":[{"embeddable":true,"href":"https:\/\/museros.org\/inici\/wp-json\/wp\/v2\/media\/273211"}],"wp:attachment":[{"href":"https:\/\/museros.org\/inici\/wp-json\/wp\/v2\/media?parent=273213"}],"wp:term":[{"taxonomy":"category","embeddable":true,"href":"https:\/\/museros.org\/inici\/wp-json\/wp\/v2\/categories?post=273213"},{"taxonomy":"post_tag","embeddable":true,"href":"https:\/\/museros.org\/inici\/wp-json\/wp\/v2\/tags?post=273213"},{"taxonomy":"wf_post_folders","embeddable":true,"href":"https:\/\/museros.org\/inici\/wp-json\/wp\/v2\/wf_post_folders?post=273213"}],"curies":[{"name":"wp","href":"https:\/\/api.w.org\/{rel}","templated":true}]}}