{"id":273210,"date":"2025-03-14T08:50:51","date_gmt":"2025-03-14T08:50:51","guid":{"rendered":"https:\/\/museros.org\/inici\/?p=273210"},"modified":"2025-03-14T08:50:52","modified_gmt":"2025-03-14T08:50:52","slug":"recepcio-dalcaldes-i-dalcaldesses","status":"publish","type":"post","link":"https:\/\/museros.org\/inici\/recepcio-dalcaldes-i-dalcaldesses\/","title":{"rendered":"Recepci\u00f3 d\u2019alcaldes i d\u2019alcaldesses"},"content":{"rendered":"\n<p>En el marc de les celebracions de les Falles, l\u2019Ajuntament de Val\u00e8ncia ha acollit la tradicional recepci\u00f3 d\u2019alcaldes i d\u2019alcaldesses, una trobada a la qual la nostra alcaldessa Cristina Civera ha acudit junt amb la resta de representants municipals de diferents localitats, els quals han sigut rebuts per la corporaci\u00f3 municipal, les Falleres Majors de Val\u00e8ncia i les seues Corts d\u2019Honor.<br>Este acte simbolitza la uni\u00f3 i l\u2019esperit festiu que caracteritza a la nostra festa m\u00e9s internacional. Durant la recepci\u00f3, els assistents han compartit experi\u00e8ncies i han destacat la import\u00e0ncia de preservar i enfortir les tradicions que fan de les Falles un patrimoni cultural \u00fanic.<br>Les Falles s\u00f3n una celebraci\u00f3 de germanor i conviv\u00e8ncia, i esta trobada refor\u00e7a els lla\u00e7os entre municipis entorn d\u2019una festivitat que \u00e9s s\u00edmbol de la nostra terra. Que comencen els dies grans de les Falles!<\/p>\n","protected":false},"excerpt":{"rendered":"<p>En el marc de les celebracions de les Falles, l\u2019Ajuntament de Val\u00e8ncia ha acollit la tradicional recepci\u00f3 d\u2019alcaldes i d\u2019alcaldesses, una trobada a la qual la nostra alcaldessa Cristina Civera ha acudit junt amb la resta de representants municipals de diferents localitats, els quals han sigut rebuts per la corporaci\u00f3 municipal, les Falleres Majors de [&hellip;]<\/p>\n","protected":false},"author":8,"featured_media":273211,"comment_status":"closed","ping_status":"closed","sticky":false,"template":"","format":"standard","meta":{"_et_pb_use_builder":"","_et_pb_old_content":"","_et_gb_content_width":"","footnotes":""},"categories":[1628],"tags":[],"wf_post_folders":[1234,1241],"class_list":["post-273210","post","type-post","status-publish","format-standard","has-post-thumbnail","hentry","category-festes"],"_links":{"self":[{"href":"https:\/\/museros.org\/inici\/wp-json\/wp\/v2\/posts\/273210","targetHints":{"allow":["GET"]}}],"collection":[{"href":"https:\/\/museros.org\/inici\/wp-json\/wp\/v2\/posts"}],"about":[{"href":"https:\/\/museros.org\/inici\/wp-json\/wp\/v2\/types\/post"}],"author":[{"embeddable":true,"href":"https:\/\/museros.org\/inici\/wp-json\/wp\/v2\/users\/8"}],"replies":[{"embeddable":true,"href":"https:\/\/museros.org\/inici\/wp-json\/wp\/v2\/comments?post=273210"}],"version-history":[{"count":1,"href":"https:\/\/museros.org\/inici\/wp-json\/wp\/v2\/posts\/273210\/revisions"}],"predecessor-version":[{"id":273212,"href":"https:\/\/museros.org\/inici\/wp-json\/wp\/v2\/posts\/273210\/revisions\/273212"}],"wp:featuredmedia":[{"embeddable":true,"href":"https:\/\/museros.org\/inici\/wp-json\/wp\/v2\/media\/273211"}],"wp:attachment":[{"href":"https:\/\/museros.org\/inici\/wp-json\/wp\/v2\/media?parent=273210"}],"wp:term":[{"taxonomy":"category","embeddable":true,"href":"https:\/\/museros.org\/inici\/wp-json\/wp\/v2\/categories?post=273210"},{"taxonomy":"post_tag","embeddable":true,"href":"https:\/\/museros.org\/inici\/wp-json\/wp\/v2\/tags?post=273210"},{"taxonomy":"wf_post_folders","embeddable":true,"href":"https:\/\/museros.org\/inici\/wp-json\/wp\/v2\/wf_post_folders?post=273210"}],"curies":[{"name":"wp","href":"https:\/\/api.w.org\/{rel}","templated":true}]}}